{"id":11408,"date":"2018-01-04T20:06:14","date_gmt":"2018-01-04T15:06:14","guid":{"rendered":"http:\/\/zamanturkmenistan.com\/?p=11408"},"modified":"2018-01-04T20:06:14","modified_gmt":"2018-01-04T15:06:14","slug":"5-yyl%c2%addan-son-ten%c2%adni%c2%adse-do%c2%adlan%c2%adyar","status":"publish","type":"post","link":"https:\/\/zamanturkmenistan.com.tm\/?p=11408","title":{"rendered":"5 \u00fdyl\u00addan so\u0148 ten\u00adni\u00adse do\u00adlan\u00ad\u00fdar"},"content":{"rendered":"<p>Fran\u00adsi\u00ad\u00fda\u00adly ten\u00adnis\u00ad\u00e7i Ma\u00adri\u00adon Bar\u00adto\u00adli 5 \u00fdyl\u00addan so\u0148, t\u00e4\u00adze\u00adden \u00f6z\u00fc\u00adni\u0148 s\u00f6\u00fd\u00adg\u00fc\u00adli spor\u00adtu\u00adna do\u00adlan\u00ad\u00fdan\u00addy\u00adgy\u00adny ha\u00adbar ber\u00addi. 33 \u00fda\u015f\u00adly Bar\u00adto\u00adli bu ba\u00adra\u00adda: \u2013 T\u00e4\u00adze\u00adden kort\u00adla\u00adra do\u00adlan\u00admak \u00fc\u00e7in sa\u00adbyr\u00adsyz\u00adlyk bi\u00adlen ga\u00adra\u015f\u00ad\u00fdan, a\u00fd\u00adra\u00adty\u00adnam, jan\u00adk\u00f6\u00ad\u00fder\u00adle\u00adri k\u00fc\u00fd\u00adse\u00addim.\u00dd\u00f6\u00adne en\u00adtek do\u00adly ta\u00fd\u00ad\u00fdar bol\u00ad\u00fdan\u00ad\u00e7am, \u00fda\u00adry\u015f\u00adla\u00adra gat\u00adna\u015f\u00admak\u00ad\u00e7y d\u00e4l \u2013 di\u00ad\u00fdip, be\u00ad\u00fda\u00adnat ber\u00addi. Ol \u00f6z\u00fc\u00adni\u0148 \u015fe\u00fd\u00adle ka\u00adra\u00adra gel\u00adme\u00adgin\u00adde We\u00adnus we Se\u00adre\u00adna Wil\u00adliams\u00adla\u00adry\u0148 uly go\u00ad\u015fan\u00addy\u00adny\u0148 bar\u00addy\u00adgy\u00adny bel\u00adl\u00e4p: \u2013 Ola\u00adry\u0148 iki\u00adsi-de me\u00adni ha\u00fd\u00adran gal\u00addyr\u00ad\u00fdar. 37 \u00fda\u015fly We\u00adnus \u015fu \u00fdyl 2 \u201cUly tu\u00adwul\u00adga\u00adda\u201d fi\u00adna\u00adla \u00e7yk\u00addy. Se\u00adre\u00adna bol\u00adsa, go\u00adla\u00fd\u00adda do\u00adlan\u00ad\u00fdar. Iki\u00adsi-de To\u00adkio 2020 Olim\u00adpi\u00ad\u00fda o\u00fdun\u00adla\u00adry\u00adna \u00e7en\u00adli ten\u00adnis o\u00fd\u00adna\u00adjak\u00addyk\u00adla\u00adry\u00adny a\u00fdd\u00ad\u00fdar\u00adlar \u2013 di\u00fd\u00addi. \u015ee\u00fd\u00adle-de Bar\u00adto\u00adli \u00f6z\u00fc\u00adni ten\u00adni\u00adsi il\u00adki ta\u015f\u00adlap, so\u0148\u00adra t\u00e4\u00adze\u00adden do\u00adla\u00adnan we 3 \u201cUly tu\u00adwul\u00adga\u201d ga\u00adza\u00adnan da\u00adni\u00ad\u00fda\u00adly Kim Kli\u00fds\u00adters bi\u00adlen de\u00ad\u0148e\u015f\u00addir\u00adme\u00ad\u00fd\u00e4n\u00addi\u00adgi\u00adni hem \u00fdat\u00adlat\u00addy. Ma\u00adri\u00adon Bar\u00adto\u00adli 2000\u20132013-nji \u00fdyl\u00adlar\u00adda \u00e7y\u00adky\u015f edip, 8 b\u00e4s\u00adle\u00ad\u015fik\u00adde \u00e7em\u00adpi\u00adon bo\u00adlup\u00addy. Ol 2013-nji \u00fdyl\u00adda \u201cWimb\u00adle\u00addo\u00adny\u0148\u201d fi\u00adna\u00adlyn\u00adda ger\u00adma\u00adni\u00ad\u00fda\u00adly Sa\u00adbi\u00adne Li\u00adsi\u00adki\u00adni utup, kar\u00ad\u00fde\u00adra\u00adsyn\u00adda\u00adky \u00fde\u00adke-t\u00e4k \u201cUly tu\u00adwul\u00adga\u201d ku\u00adbo\u00adgy\u00adny ga\u00adza\u00adnyp\u00addy we \u015fon\u00addan so\u0148, ten\u00adni\u00adsi ta\u015f\u00adlap\u00addy.<\/p>\n","protected":false},"excerpt":{"rendered":"<p>Fran\u00adsi\u00ad\u00fda\u00adly ten\u00adnis\u00ad\u00e7i Ma\u00adri\u00adon Bar\u00adto\u00adli 5 \u00fdyl\u00addan so\u0148, t\u00e4\u00adze\u00adden \u00f6z\u00fc\u00adni\u0148 s\u00f6\u00fd\u00adg\u00fc\u00adli spor\u00adtu\u00adna do\u00adlan\u00ad\u00fdan\u00addy\u00adgy\u00adny ha\u00adbar ber\u00addi. 33 \u00fda\u015f\u00adly Bar\u00adto\u00adli bu ba\u00adra\u00adda: \u2013 T\u00e4\u00adze\u00adden kort\u00adla\u00adra do\u00adlan\u00admak \u00fc\u00e7in sa\u00adbyr\u00adsyz\u00adlyk bi\u00adlen ga\u00adra\u015f\u00ad\u00fdan, a\u00fd\u00adra\u00adty\u00adnam, jan\u00adk\u00f6\u00ad\u00fder\u00adle\u00adri k\u00fc\u00fd\u00adse\u00addim.\u00dd\u00f6\u00adne en\u00adtek do\u00adly ta\u00fd\u00ad\u00fdar bol\u00ad\u00fdan\u00ad\u00e7am, \u00fda\u00adry\u015f\u00adla\u00adra gat\u00adna\u015f\u00admak\u00ad\u00e7y d\u00e4l \u2013 di\u00ad\u00fdip, be\u00ad\u00fda\u00adnat ber\u00addi. Ol \u00f6z\u00fc\u00adni\u0148 \u015fe\u00fd\u00adle ka\u00adra\u00adra gel\u00adme\u00adgin\u00adde We\u00adnus we Se\u00adre\u00adna Wil\u00adliams\u00adla\u00adry\u0148 uly go\u00ad\u015fan\u00addy\u00adny\u0148 bar\u00addy\u00adgy\u00adny bel\u00adl\u00e4p: \u2013 [&hellip;]<\/p>\n","protected":false},"author":1,"featured_media":11409,"comment_status":"open","ping_status":"closed","sticky":false,"template":"","format":"standard","meta":{"footnotes":""},"categories":[13],"tags":[],"acf":[],"_links":{"self":[{"href":"https:\/\/zamanturkmenistan.com.tm\/index.php?rest_route=\/wp\/v2\/posts\/11408"}],"collection":[{"href":"https:\/\/zamanturkmenistan.com.tm\/index.php?rest_route=\/wp\/v2\/posts"}],"about":[{"href":"https:\/\/zamanturkmenistan.com.tm\/index.php?rest_route=\/wp\/v2\/types\/post"}],"author":[{"embeddable":true,"href":"https:\/\/zamanturkmenistan.com.tm\/index.php?rest_route=\/wp\/v2\/users\/1"}],"replies":[{"embeddable":true,"href":"https:\/\/zamanturkmenistan.com.tm\/index.php?rest_route=%2Fwp%2Fv2%2Fcomments&post=11408"}],"version-history":[{"count":0,"href":"https:\/\/zamanturkmenistan.com.tm\/index.php?rest_route=\/wp\/v2\/posts\/11408\/revisions"}],"wp:featuredmedia":[{"embeddable":true,"href":"https:\/\/zamanturkmenistan.com.tm\/index.php?rest_route=\/wp\/v2\/media\/11409"}],"wp:attachment":[{"href":"https:\/\/zamanturkmenistan.com.tm\/index.php?rest_route=%2Fwp%2Fv2%2Fmedia&parent=11408"}],"wp:term":[{"taxonomy":"category","embeddable":true,"href":"https:\/\/zamanturkmenistan.com.tm\/index.php?rest_route=%2Fwp%2Fv2%2Fcategories&post=11408"},{"taxonomy":"post_tag","embeddable":true,"href":"https:\/\/zamanturkmenistan.com.tm\/index.php?rest_route=%2Fwp%2Fv2%2Ftags&post=11408"}],"curies":[{"name":"wp","href":"https:\/\/api.w.org\/{rel}","templated":true}]}}