{"id":114211,"date":"2024-08-09T13:42:49","date_gmt":"2024-08-09T08:42:49","guid":{"rendered":"https:\/\/zamanturkmenistan.com.tm\/?p=114211"},"modified":"2024-08-09T10:45:28","modified_gmt":"2024-08-09T05:45:28","slug":"100-mun-elektroulag-alar","status":"publish","type":"post","link":"https:\/\/zamanturkmenistan.com.tm\/?p=114211","title":{"rendered":"100 m\u00fc\u0148 elekt\u00adrou\u00adlag alar"},"content":{"rendered":"<p>\u00d6z ula\u00adgy\u0148 bi\u00adlen tak\u00adsi\u00ad\u00e7i\u00adlik hyz\u00adma\u00adty\u00adny h\u00f6\u00add\u00fcr\u00adle\u00adm\u00e4\u00adge m\u00fcm\u00adkin\u00ad\u00e7i\u00adlik ber\u00ad\u00fd\u00e4n \u00abUber\u00bb ame\u00adri\u00adkan kom\u00adpa\u00adni\u00ad\u00fda\u00adsy bi\u00adlen Hy\u00adta\u00ad\u00fdy\u0148 elekt\u00adrou\u00adlag \u00f6n\u00fcm\u00ad\u00e7i\u00adli\u00adgi bi\u00adlen me\u015f\u00adgul\u00adlan\u00ad\u00fdan BYD kom\u00adpa\u00adni\u00ad\u00fda\u00adsy m\u00f6h\u00fcm hyz\u00admat\u00adda\u015f\u00adly\u00adgy \u00fdo\u00adla go\u00fd\u00adma\u00adgy mak\u00adsat edin\u00ad\u00fd\u00e4r. Hyz\u00admat\u00adda\u015f\u00adly\u00adgy\u0148 \u00e7\u00e4k\u00adle\u00adrin\u00adde Hy\u00adta\u00fd bren\u00addi \u00abUber\u00bb \u00fc\u00e7in 100 m\u00fc\u0148 elekt\u00adrou\u00adlag \u00f6n\u00add\u00fc\u00adrer. Bu ulag\u00adlar La\u00adtyn Ame\u00adri\u00adka\u00adsy hem-de \u00ddew\u00adro\u00adpa \u00fdurt\u00adla\u00adryn\u00adda ula\u00adny\u00adlar. Gel\u00adjek\u00adde iki kom\u00adpa\u00adni\u00ad\u00fda hyz\u00admat\u00adda\u015f\u00adly\u00adgy\u00adny d\u00fcn\u00ad\u00fd\u00e4\u00adni\u0148 be\u00fd\u00adle\u00adki se\u00adbit\u00adle\u00adri\u00adne hem \u00fda\u00fd\u00adrat\u00adma\u00adgy me\u00ad\u00fdil\u00adle\u015f\u00addir\u00ad\u00fd\u00e4r. Iki kom\u00adpa\u00adni\u00ad\u00fda\u00adny\u0148 \u00fdol\u00adba\u015f\u00ad\u00e7y\u00adla\u00adry\u00adny\u0148 pi\u00adki\u00adri\u00adne g\u00f6\u00adr\u00e4, bu hyz\u00admat\u00adda\u015f\u00adly\u00adgy\u0148 \u00abUber\u00bb tak\u00adsi\u00adle\u00adri\u00adni\u0148 s\u00fc\u00adr\u00fc\u00adji\u00adle\u00adri \u00fc\u00e7in \u00e4ti\u00ad\u00fda\u00e7\u00adlan\u00addy\u00adry\u015f, ma\u00adli\u00ad\u00fde we be\u00fd\u00adle\u00adki hyz\u00admat\u00adlar has ar\u00adzan bo\u00adlar. \u015ee\u00fd\u00adle hem bu tas\u00adla\u00adma\u00adny\u0148 dur\u00admu\u00ad\u015fa ge\u00ad\u00e7i\u00adril\u00adme\u00adgi elekt\u00adrik ener\u00adgi\u00ad\u00fda\u00adsy\u00adna ge\u00ad\u00e7i\u00ad\u015fe \u00fdar\u00addam eder. \u015ee\u00fd\u00adle\u00adlik\u00adde, iki kom\u00adpa\u00adni\u00ad\u00fda \u00f6z\u00adba\u015f\u00addak he\u00adre\u00adket ed\u00ad\u00fd\u00e4n elekt\u00adrou\u00adla\u00adgy ta\u00adny\u015f\u00addyr\u00admak \u00fc\u00e7in hem hyz\u00admat\u00adda\u015f\u00adlyk eder.<br \/>\nHy\u00adta\u00ad\u00fdy\u0148 i\u0148 iri elekt\u00adrou\u00adlag \u00f6n\u00add\u00fc\u00adri\u00adji kom\u00adpa\u00adni\u00ad\u00fda\u00adsy bo\u00adlan BYD 2022-nji \u00fdyl\u00addan b\u00e4\u00adri di\u00ad\u0148e gib\u00adrid hem-de do\u00adlu\u00adly\u00adgy\u00adna elekt\u00adrik ener\u00adgi\u00ad\u00fda\u00adsy bi\u00adlen i\u015f\u00adle\u00ad\u00fd\u00e4n ulag\u00adla\u00adry \u00f6n\u00add\u00fc\u00adrip ba\u015f\u00adla\u00addy. \u015eon\u00addan b\u00e4\u00adri BYD ulag\u00adla\u00adry\u00adny\u0148 d\u00fcn\u00ad\u00fd\u00e4 \u00fdurt\u00adla\u00adryn\u00adda\u00adky sa\u00adtu\u00adwy g\u00f6r\u00adne\u00adtin \u00fdo\u00adkar\u00adlan\u00addy. Hy\u00adta\u00fd\u00adda elekt\u00adrou\u00adlag\u00adla\u00adry\u0148 has ar\u00adzan g\u00f6r\u00adn\u00fc\u015f\u00adle\u00adri \u00f6n\u00add\u00fc\u00adril\u00ad\u00fd\u00e4r.<\/p>\n","protected":false},"excerpt":{"rendered":"<p>\u00d6z ula\u00adgy\u0148 bi\u00adlen tak\u00adsi\u00ad\u00e7i\u00adlik hyz\u00adma\u00adty\u00adny h\u00f6\u00add\u00fcr\u00adle\u00adm\u00e4\u00adge m\u00fcm\u00adkin\u00ad\u00e7i\u00adlik ber\u00ad\u00fd\u00e4n \u00abUber\u00bb ame\u00adri\u00adkan kom\u00adpa\u00adni\u00ad\u00fda\u00adsy bi\u00adlen Hy\u00adta\u00ad\u00fdy\u0148 elekt\u00adrou\u00adlag \u00f6n\u00fcm\u00ad\u00e7i\u00adli\u00adgi bi\u00adlen me\u015f\u00adgul\u00adlan\u00ad\u00fdan BYD kom\u00adpa\u00adni\u00ad\u00fda\u00adsy m\u00f6h\u00fcm hyz\u00admat\u00adda\u015f\u00adly\u00adgy \u00fdo\u00adla go\u00fd\u00adma\u00adgy mak\u00adsat edin\u00ad\u00fd\u00e4r. Hyz\u00admat\u00adda\u015f\u00adly\u00adgy\u0148 \u00e7\u00e4k\u00adle\u00adrin\u00adde Hy\u00adta\u00fd bren\u00addi \u00abUber\u00bb \u00fc\u00e7in 100 m\u00fc\u0148 elekt\u00adrou\u00adlag \u00f6n\u00add\u00fc\u00adrer. Bu ulag\u00adlar La\u00adtyn Ame\u00adri\u00adka\u00adsy hem-de \u00ddew\u00adro\u00adpa \u00fdurt\u00adla\u00adryn\u00adda ula\u00adny\u00adlar. Gel\u00adjek\u00adde iki kom\u00adpa\u00adni\u00ad\u00fda hyz\u00admat\u00adda\u015f\u00adly\u00adgy\u00adny d\u00fcn\u00ad\u00fd\u00e4\u00adni\u0148 be\u00fd\u00adle\u00adki se\u00adbit\u00adle\u00adri\u00adne hem \u00fda\u00fd\u00adrat\u00adma\u00adgy me\u00ad\u00fdil\u00adle\u015f\u00addir\u00ad\u00fd\u00e4r. Iki kom\u00adpa\u00adni\u00ad\u00fda\u00adny\u0148 [&hellip;]<\/p>\n","protected":false},"author":2,"featured_media":114212,"comment_status":"open","ping_status":"closed","sticky":false,"template":"","format":"standard","meta":{"footnotes":""},"categories":[8],"tags":[],"acf":[],"_links":{"self":[{"href":"https:\/\/zamanturkmenistan.com.tm\/index.php?rest_route=\/wp\/v2\/posts\/114211"}],"collection":[{"href":"https:\/\/zamanturkmenistan.com.tm\/index.php?rest_route=\/wp\/v2\/posts"}],"about":[{"href":"https:\/\/zamanturkmenistan.com.tm\/index.php?rest_route=\/wp\/v2\/types\/post"}],"author":[{"embeddable":true,"href":"https:\/\/zamanturkmenistan.com.tm\/index.php?rest_route=\/wp\/v2\/users\/2"}],"replies":[{"embeddable":true,"href":"https:\/\/zamanturkmenistan.com.tm\/index.php?rest_route=%2Fwp%2Fv2%2Fcomments&post=114211"}],"version-history":[{"count":1,"href":"https:\/\/zamanturkmenistan.com.tm\/index.php?rest_route=\/wp\/v2\/posts\/114211\/revisions"}],"predecessor-version":[{"id":114214,"href":"https:\/\/zamanturkmenistan.com.tm\/index.php?rest_route=\/wp\/v2\/posts\/114211\/revisions\/114214"}],"wp:featuredmedia":[{"embeddable":true,"href":"https:\/\/zamanturkmenistan.com.tm\/index.php?rest_route=\/wp\/v2\/media\/114212"}],"wp:attachment":[{"href":"https:\/\/zamanturkmenistan.com.tm\/index.php?rest_route=%2Fwp%2Fv2%2Fmedia&parent=114211"}],"wp:term":[{"taxonomy":"category","embeddable":true,"href":"https:\/\/zamanturkmenistan.com.tm\/index.php?rest_route=%2Fwp%2Fv2%2Fcategories&post=114211"},{"taxonomy":"post_tag","embeddable":true,"href":"https:\/\/zamanturkmenistan.com.tm\/index.php?rest_route=%2Fwp%2Fv2%2Ftags&post=114211"}],"curies":[{"name":"wp","href":"https:\/\/api.w.org\/{rel}","templated":true}]}}