{"id":114262,"date":"2024-08-09T12:12:56","date_gmt":"2024-08-09T07:12:56","guid":{"rendered":"https:\/\/zamanturkmenistan.com.tm\/?p=114262"},"modified":"2024-08-09T12:33:36","modified_gmt":"2024-08-09T07:33:36","slug":"turkmenistanyn-prezidenti-astana-bardy","status":"publish","type":"post","link":"https:\/\/zamanturkmenistan.com.tm\/?p=114262","title":{"rendered":"T\u00fcrkmenistany\u0148 Prezidenti Astana bardy"},"content":{"rendered":"<p>\u015eu g\u00fcn Gazagystana i\u015f saparyny amala a\u015fyr\u00fdan hormatly Prezidentimiz Serdar Berdimuhamedow Merkezi Azi\u00fdany\u0148 d\u00f6wlet Ba\u015ftutanlaryny\u0148 altynjy Konsultatiw du\u015fu\u015fygyna gatna\u015fmak \u00fc\u00e7in Astana bardy. D\u00f6wlet Ba\u015ftutanymyzy Gazagystany\u0148 Prem\u00fder-ministri Ol\u017eas Bektenow gar\u015fy aldy.<\/p>\n<p>M\u00e4lim bol\u015fy \u00fdaly, birn\u00e4\u00e7e \u00fdyl mundan ozal Gahryman Arkadagymyz Gurbanguly Berdimuhamedow i\u0148 \u00fdokary derejede ulgamla\u00fdyn sy\u00fdasy dialogy\u0148 \u00e4hmi\u00fdetine \u00fcnsi \u00e7ekip, sebitle\u00fdin hyzmatda\u015flyga d\u00fc\u00fdpg\u00f6ter t\u00e4ze\u00e7e \u00e7emele\u015fmek pikirini \u00f6\u0148e s\u00fcrdi. H\u00e4zirki zaman \u015fertlerinde bu konsepsi\u00fda a\u00fdratyn \u00e4hmi\u00fdete e\u00fde bol\u00fdar we o\u0148a uly isleg bildiril\u00fd\u00e4r. Merkezi Azi\u00fda sebitini\u0148 di\u0148e bir yklym derejesinde d\u00e4l, e\u00fdsem, \u00e4hlumumy derejede alnyp baryl\u00fdan i\u015flerd\u00e4ki barha art\u00fdan ornuny g\u00f6z \u00f6\u0148\u00fcnde tutup, T\u00fcrkmenistan d\u00f6wletara hyzmatda\u015flygy\u0148 \u00e4girt uly m\u00fcmkin\u00e7iliklerini netijeli pe\u00fddalanmak hem-de t\u00e4ze gi\u0148 gerimli bilelikd\u00e4ki taslamalary durmu\u015fa ge\u00e7irmek bo\u00fdun\u00e7a anyk ba\u015flangy\u00e7lary \u00f6\u0148e s\u00fcr\u00fd\u00e4r.<\/p>\n","protected":false},"excerpt":{"rendered":"<p>\u015eu g\u00fcn Gazagystana i\u015f saparyny amala a\u015fyr\u00fdan hormatly Prezidentimiz Serdar Berdimuhamedow Merkezi Azi\u00fdany\u0148 d\u00f6wlet Ba\u015ftutanlaryny\u0148 altynjy Konsultatiw du\u015fu\u015fygyna gatna\u015fmak \u00fc\u00e7in Astana bardy. D\u00f6wlet Ba\u015ftutanymyzy Gazagystany\u0148 Prem\u00fder-ministri Ol\u017eas Bektenow gar\u015fy aldy. M\u00e4lim bol\u015fy \u00fdaly, birn\u00e4\u00e7e \u00fdyl mundan ozal Gahryman Arkadagymyz Gurbanguly Berdimuhamedow i\u0148 \u00fdokary derejede ulgamla\u00fdyn sy\u00fdasy dialogy\u0148 \u00e4hmi\u00fdetine \u00fcnsi \u00e7ekip, sebitle\u00fdin hyzmatda\u015flyga d\u00fc\u00fdpg\u00f6ter t\u00e4ze\u00e7e \u00e7emele\u015fmek [&hellip;]<\/p>\n","protected":false},"author":2,"featured_media":114263,"comment_status":"open","ping_status":"closed","sticky":false,"template":"","format":"standard","meta":{"footnotes":""},"categories":[3],"tags":[],"acf":[],"_links":{"self":[{"href":"https:\/\/zamanturkmenistan.com.tm\/index.php?rest_route=\/wp\/v2\/posts\/114262"}],"collection":[{"href":"https:\/\/zamanturkmenistan.com.tm\/index.php?rest_route=\/wp\/v2\/posts"}],"about":[{"href":"https:\/\/zamanturkmenistan.com.tm\/index.php?rest_route=\/wp\/v2\/types\/post"}],"author":[{"embeddable":true,"href":"https:\/\/zamanturkmenistan.com.tm\/index.php?rest_route=\/wp\/v2\/users\/2"}],"replies":[{"embeddable":true,"href":"https:\/\/zamanturkmenistan.com.tm\/index.php?rest_route=%2Fwp%2Fv2%2Fcomments&post=114262"}],"version-history":[{"count":2,"href":"https:\/\/zamanturkmenistan.com.tm\/index.php?rest_route=\/wp\/v2\/posts\/114262\/revisions"}],"predecessor-version":[{"id":114266,"href":"https:\/\/zamanturkmenistan.com.tm\/index.php?rest_route=\/wp\/v2\/posts\/114262\/revisions\/114266"}],"wp:featuredmedia":[{"embeddable":true,"href":"https:\/\/zamanturkmenistan.com.tm\/index.php?rest_route=\/wp\/v2\/media\/114263"}],"wp:attachment":[{"href":"https:\/\/zamanturkmenistan.com.tm\/index.php?rest_route=%2Fwp%2Fv2%2Fmedia&parent=114262"}],"wp:term":[{"taxonomy":"category","embeddable":true,"href":"https:\/\/zamanturkmenistan.com.tm\/index.php?rest_route=%2Fwp%2Fv2%2Fcategories&post=114262"},{"taxonomy":"post_tag","embeddable":true,"href":"https:\/\/zamanturkmenistan.com.tm\/index.php?rest_route=%2Fwp%2Fv2%2Ftags&post=114262"}],"curies":[{"name":"wp","href":"https:\/\/api.w.org\/{rel}","templated":true}]}}