{"id":114869,"date":"2024-08-18T16:50:15","date_gmt":"2024-08-18T11:50:15","guid":{"rendered":"https:\/\/zamanturkmenistan.com.tm\/?p=114869"},"modified":"2024-08-18T16:50:15","modified_gmt":"2024-08-18T11:50:15","slug":"ucunji-ahlumumy-gunortanyn-sesi-sammiti-gecirildi","status":"publish","type":"post","link":"https:\/\/zamanturkmenistan.com.tm\/?p=114869","title":{"rendered":"\u00dc\u00e7\u00fcnji \u00ab\u00c4hlumumy G\u00fcnortany\u0148 sesi\u00bb sammiti ge\u00e7irildi"},"content":{"rendered":"<p>17-nji awgustda T\u00fcrkmenistany\u0148 Da\u015fary i\u015fler ministrini\u0148 orunbasary Ahmed Gurbanow Hindistan Respublikasyny\u0148 H\u00f6k\u00fcmeti tarapyndan wirtual g\u00f6rn\u00fc\u015fde guralan \u00fc\u00e7\u00fcnji \u00ab\u00c4hlumumy G\u00fcnortany\u0148 sesi\u00bb sammitini\u0148 ministrler mejlisine gatna\u015fdy.<br \/>\nD\u00fcn\u00fd\u00e4ni\u0148 100-den gowrak \u00fdurduny\u0148 wekillerini jeml\u00e4n sammiti\u0148 umumy temasy \u00abDurnukly gelejek ugrunda \u00c4hlumumy G\u00fcnortany\u0148 m\u00fcmkin\u00e7iliklerini gi\u0148eltmek\u00bb boldy. \u00c7\u00e4r\u00e4ni\u0148 maksady \u00f6zara b\u00e4hbitli sebit hyzmatda\u015flygyny \u00e7u\u0148la\u015fdyrmak we \u00f6s\u00fcp bar\u00fdan \u00fdurtlary\u0148 derwa\u00fdys meselelerini \u00e7\u00f6zmek bo\u00fdun\u00e7a anyk teklipleri i\u015fl\u00e4p d\u00fczmekden ybaratdyr.<br \/>\nT\u00fcrkmenistany\u0148 Da\u015fary i\u015fler ministrini\u0148 orunbasary A.Gurbanow \u00f6z \u00e7yky\u015fynda bu \u00e7\u00e4r\u00e4 gatna\u015fmaga \u00e7akylygy \u00fc\u00e7in hindi tarapyna sagbolsun a\u00fdtdy hem-de bitaraplyk we bilelikd\u00e4ki parahat\u00e7ylykly \u00fda\u015fa\u00fdy\u015f \u00fd\u00f6relgeleri esasynda konstruktiw hyzmatda\u015flyk ugrunda \u00e7yky\u015f ed\u00fd\u00e4n T\u00fcrkmenistany\u0148 gara\u00fd\u015fyny tassyklady.<br \/>\nT\u00fcrkmenistany\u0148 ulag we energetika ugurlaryndaky hyzmatda\u015flygy has-da gi\u0148eltmegi maksat edin\u00fd\u00e4ndigi bellenildi.<\/p>\n","protected":false},"excerpt":{"rendered":"<p>17-nji awgustda T\u00fcrkmenistany\u0148 Da\u015fary i\u015fler ministrini\u0148 orunbasary Ahmed Gurbanow Hindistan Respublikasyny\u0148 H\u00f6k\u00fcmeti tarapyndan wirtual g\u00f6rn\u00fc\u015fde guralan \u00fc\u00e7\u00fcnji \u00ab\u00c4hlumumy G\u00fcnortany\u0148 sesi\u00bb sammitini\u0148 ministrler mejlisine gatna\u015fdy. D\u00fcn\u00fd\u00e4ni\u0148 100-den gowrak \u00fdurduny\u0148 wekillerini jeml\u00e4n sammiti\u0148 umumy temasy \u00abDurnukly gelejek ugrunda \u00c4hlumumy G\u00fcnortany\u0148 m\u00fcmkin\u00e7iliklerini gi\u0148eltmek\u00bb boldy. \u00c7\u00e4r\u00e4ni\u0148 maksady \u00f6zara b\u00e4hbitli sebit hyzmatda\u015flygyny \u00e7u\u0148la\u015fdyrmak we \u00f6s\u00fcp bar\u00fdan \u00fdurtlary\u0148 derwa\u00fdys meselelerini \u00e7\u00f6zmek [&hellip;]<\/p>\n","protected":false},"author":2,"featured_media":114871,"comment_status":"open","ping_status":"closed","sticky":false,"template":"","format":"standard","meta":{"footnotes":""},"categories":[3],"tags":[],"acf":[],"_links":{"self":[{"href":"https:\/\/zamanturkmenistan.com.tm\/index.php?rest_route=\/wp\/v2\/posts\/114869"}],"collection":[{"href":"https:\/\/zamanturkmenistan.com.tm\/index.php?rest_route=\/wp\/v2\/posts"}],"about":[{"href":"https:\/\/zamanturkmenistan.com.tm\/index.php?rest_route=\/wp\/v2\/types\/post"}],"author":[{"embeddable":true,"href":"https:\/\/zamanturkmenistan.com.tm\/index.php?rest_route=\/wp\/v2\/users\/2"}],"replies":[{"embeddable":true,"href":"https:\/\/zamanturkmenistan.com.tm\/index.php?rest_route=%2Fwp%2Fv2%2Fcomments&post=114869"}],"version-history":[{"count":1,"href":"https:\/\/zamanturkmenistan.com.tm\/index.php?rest_route=\/wp\/v2\/posts\/114869\/revisions"}],"predecessor-version":[{"id":114872,"href":"https:\/\/zamanturkmenistan.com.tm\/index.php?rest_route=\/wp\/v2\/posts\/114869\/revisions\/114872"}],"wp:featuredmedia":[{"embeddable":true,"href":"https:\/\/zamanturkmenistan.com.tm\/index.php?rest_route=\/wp\/v2\/media\/114871"}],"wp:attachment":[{"href":"https:\/\/zamanturkmenistan.com.tm\/index.php?rest_route=%2Fwp%2Fv2%2Fmedia&parent=114869"}],"wp:term":[{"taxonomy":"category","embeddable":true,"href":"https:\/\/zamanturkmenistan.com.tm\/index.php?rest_route=%2Fwp%2Fv2%2Fcategories&post=114869"},{"taxonomy":"post_tag","embeddable":true,"href":"https:\/\/zamanturkmenistan.com.tm\/index.php?rest_route=%2Fwp%2Fv2%2Ftags&post=114869"}],"curies":[{"name":"wp","href":"https:\/\/api.w.org\/{rel}","templated":true}]}}