{"id":11492,"date":"2018-01-08T14:22:02","date_gmt":"2018-01-08T09:22:02","guid":{"rendered":"http:\/\/zamanturkmenistan.com\/?p=11492"},"modified":"2018-01-08T14:22:02","modified_gmt":"2018-01-08T09:22:02","slug":"ca%c2%adga%c2%adla%c2%adra-yu%c2%admurt%c2%adga-pey%c2%adda%c2%adly","status":"publish","type":"post","link":"https:\/\/zamanturkmenistan.com.tm\/?p=11492","title":{"rendered":"\u00c7a\u00adga\u00adla\u00adra  \u00fdu\u00admurt\u00adga pe\u00fd\u00adda\u00adly"},"content":{"rendered":"<p>AB\u015e-ny\u0148 Wa\u00ad\u015fing\u00adton uni\u00adwer\u00adsi\u00adte\u00adti\u00adni\u0148 bi\u00adler\u00admen\u00adle\u00adri b\u00e4\u00adbek\u00adle\u00adre \u00fdu\u00admurt\u00adga i\u00fd\u00addir\u00adme\u00adgi mas\u00adla\u00adhat ber\u00ad\u00fd\u00e4r\u00adler. Bu ola\u00adry\u0148 \u00f6s\u00fc\u00ad\u015fi\u00adne we be\u00fd\u00adni\u00adsi\u00adni\u0148 i\u015fi\u00adne \u00fdar\u00addam ber\u00ad\u00fd\u00e4r. Eger-de \u00fda\u00adrym \u00fdy\u00adly\u0148 do\u00adwa\u00admyn\u00adda g\u00fcn\u00adde bir \u00fdu\u00admurt\u00adga\u00addan be\u00adril\u00adse, ol ho\u00adli\u00adni\u0148 we do\u00adko\u00adza\u00adgek\u00adsa\u00ad\u00fden kis\u00adlo\u00adta\u00adsy\u00adny\u0148 art\u00adma\u00adgy\u00adna \u00fdar\u00addam ber\u00ad\u00fd\u00e4r. Bu iki bir\u00adle\u015f\u00adme be\u00fd\u00adni\u00adni\u0148 sag\u00adly\u00adgy \u00fc\u00e7in has-da m\u00f6\u00adh\u00fcm\u00addir.<br \/>\nMun\u00addan ozal, \u00fdu\u00admurt\u00adga\u00adny\u0148 \u00e7a\u00adga\u00adny\u0148 \u00f6s\u00fc\u00ad\u015fi\u00adne \u00fdar\u00addam ber\u00ad\u00fd\u00e4n\u00adli\u00adgi we hat\u00adda sa\u00adky\u00adnyp gep\u00adle\u00adme\u00adgi\u00adni\u0148 \u00f6\u0148\u00fc\u00adni al\u00ad\u00fdan\u00addy\u00adgy\u00adny su\u00adbut edip\u00addi\u00adler. \u00ddu\u00admurt\u00adga\u00adny\u0148 d\u00fc\u00adz\u00fc\u00admin\u00adde ho\u00adlin, A, B12, se\u00adlen \u00fda\u00adly \u00fdag\u00adly kis\u00adlo\u00adta\u00adlar bar. \u015ee\u00fd\u00adle hem olar el\u00ad\u00fde\u00adter\u00adli\u00adli\u00adgi bi\u00adlen ta\u00adpa\u00adwut\u00adlan\u00ad\u00fdar\u00adlar.<br \/>\nBi\u00adler\u00admen\u00adler 6-9 a\u00fd\u00adlyk 163 \u00e7a\u00adga\u00adda bar\u00adlag ge\u00ad\u00e7ir\u00addi\u00adler. Olar\u00addan 80 \u00e7a\u00adga \u00fda\u00adrym \u00fdy\u00adly\u0148 do\u00adwa\u00admyn\u00adda g\u00fcn\u00adde bir \u00fdu\u00admurt\u00adga i\u00fdip\u00addir\u00adler. Be\u00fd\u00adle\u00adki \u00e7a\u00adga\u00adla\u00adra bol\u00adsa, \u00fdu\u00admurt\u00adga ber\u00adm\u00e4n\u00addir\u00adler. \u00c7a\u00adga\u00adla\u00adry\u0148 be\u00adde\u00adnin\u00add\u00e4\u00adki wi\u00adta\u00admin\u00adler we mi\u00adne\u00adral mad\u00adda\u00adla\u00adry\u0148 de\u00adre\u00adje\u00adsi ga\u00adny\u0148 ana\u00adli\u00adzi bo\u00ad\u00fdun\u00ad\u00e7a kes\u00adgit\u00adle\u00adnip\u00addir. G\u00f6\u00adrl\u00fcp oturylsa, bi\u00adrin\u00adji to\u00adpar\u00adda\u00adky \u00e7a\u00adga\u00adla\u00adry\u0148 ikin\u00adji to\u00adpar\u00adda\u00adky\u00adla\u00adra ga\u00adra\u00adny\u0148\u00adda, be\u00adde\u00adnin\u00adde has k\u00f6p ho\u00adlin, do\u00adko\u00adza\u00adgek\u00adsa\u00ad\u00fden kis\u00adlo\u00adta\u00adsy bo\u00adlup\u00addyr.<\/p>\n","protected":false},"excerpt":{"rendered":"<p>AB\u015e-ny\u0148 Wa\u00ad\u015fing\u00adton uni\u00adwer\u00adsi\u00adte\u00adti\u00adni\u0148 bi\u00adler\u00admen\u00adle\u00adri b\u00e4\u00adbek\u00adle\u00adre \u00fdu\u00admurt\u00adga i\u00fd\u00addir\u00adme\u00adgi mas\u00adla\u00adhat ber\u00ad\u00fd\u00e4r\u00adler. Bu ola\u00adry\u0148 \u00f6s\u00fc\u00ad\u015fi\u00adne we be\u00fd\u00adni\u00adsi\u00adni\u0148 i\u015fi\u00adne \u00fdar\u00addam ber\u00ad\u00fd\u00e4r. Eger-de \u00fda\u00adrym \u00fdy\u00adly\u0148 do\u00adwa\u00admyn\u00adda g\u00fcn\u00adde bir \u00fdu\u00admurt\u00adga\u00addan be\u00adril\u00adse, ol ho\u00adli\u00adni\u0148 we do\u00adko\u00adza\u00adgek\u00adsa\u00ad\u00fden kis\u00adlo\u00adta\u00adsy\u00adny\u0148 art\u00adma\u00adgy\u00adna \u00fdar\u00addam ber\u00ad\u00fd\u00e4r. Bu iki bir\u00adle\u015f\u00adme be\u00fd\u00adni\u00adni\u0148 sag\u00adly\u00adgy \u00fc\u00e7in has-da m\u00f6\u00adh\u00fcm\u00addir. Mun\u00addan ozal, \u00fdu\u00admurt\u00adga\u00adny\u0148 \u00e7a\u00adga\u00adny\u0148 \u00f6s\u00fc\u00ad\u015fi\u00adne \u00fdar\u00addam ber\u00ad\u00fd\u00e4n\u00adli\u00adgi we hat\u00adda sa\u00adky\u00adnyp gep\u00adle\u00adme\u00adgi\u00adni\u0148 \u00f6\u0148\u00fc\u00adni al\u00ad\u00fdan\u00addy\u00adgy\u00adny su\u00adbut [&hellip;]<\/p>\n","protected":false},"author":1,"featured_media":11493,"comment_status":"open","ping_status":"closed","sticky":false,"template":"","format":"standard","meta":{"footnotes":""},"categories":[3],"tags":[],"acf":[],"_links":{"self":[{"href":"https:\/\/zamanturkmenistan.com.tm\/index.php?rest_route=\/wp\/v2\/posts\/11492"}],"collection":[{"href":"https:\/\/zamanturkmenistan.com.tm\/index.php?rest_route=\/wp\/v2\/posts"}],"about":[{"href":"https:\/\/zamanturkmenistan.com.tm\/index.php?rest_route=\/wp\/v2\/types\/post"}],"author":[{"embeddable":true,"href":"https:\/\/zamanturkmenistan.com.tm\/index.php?rest_route=\/wp\/v2\/users\/1"}],"replies":[{"embeddable":true,"href":"https:\/\/zamanturkmenistan.com.tm\/index.php?rest_route=%2Fwp%2Fv2%2Fcomments&post=11492"}],"version-history":[{"count":0,"href":"https:\/\/zamanturkmenistan.com.tm\/index.php?rest_route=\/wp\/v2\/posts\/11492\/revisions"}],"wp:featuredmedia":[{"embeddable":true,"href":"https:\/\/zamanturkmenistan.com.tm\/index.php?rest_route=\/wp\/v2\/media\/11493"}],"wp:attachment":[{"href":"https:\/\/zamanturkmenistan.com.tm\/index.php?rest_route=%2Fwp%2Fv2%2Fmedia&parent=11492"}],"wp:term":[{"taxonomy":"category","embeddable":true,"href":"https:\/\/zamanturkmenistan.com.tm\/index.php?rest_route=%2Fwp%2Fv2%2Fcategories&post=11492"},{"taxonomy":"post_tag","embeddable":true,"href":"https:\/\/zamanturkmenistan.com.tm\/index.php?rest_route=%2Fwp%2Fv2%2Ftags&post=11492"}],"curies":[{"name":"wp","href":"https:\/\/api.w.org\/{rel}","templated":true}]}}