{"id":115004,"date":"2024-08-21T12:18:31","date_gmt":"2024-08-21T07:18:31","guid":{"rendered":"https:\/\/zamanturkmenistan.com.tm\/?p=115004"},"modified":"2024-08-21T12:18:31","modified_gmt":"2024-08-21T07:18:31","slug":"bokurdak-sahercesinde-taze-mekdep-acylyp-ulanylmaga-berler","status":"publish","type":"post","link":"https:\/\/zamanturkmenistan.com.tm\/?p=115004","title":{"rendered":"Bo\u00adkur\u00addak \u015f\u00e4\u00adher\u00ad\u00e7e\u00adsin\u00adde\u00a0t\u00e4\u00adze mek\u00addep a\u00e7ylyp ulanyl\u00adma\u00adga ber\u00adler"},"content":{"rendered":"<p>Bilimler we ta\u00adlyp \u00fda\u015f\u00adlar g\u00fc\u00adni my\u00adna\u00adsy\u00adbet\u00adli Ak bug\u00adda\u00fd et\u00adra\u00adby\u00adny\u0148 Bo\u00adkur\u00addak \u015f\u00e4\u00adher\u00ad\u00e7e\u00adsin\u00adde 1200 orun\u00adlyk umu\u00admy\u00adbi\u00adlim ber\u00ad\u00fd\u00e4n t\u00e4\u00adze, d\u00f6w\u00adre\u00adbap mek\u00adde\u00adbi a\u00e7yp ulan\u00adma\u00adga ber\u00admek me\u00ad\u00fdil\u00adle\u015f\u00addi\u00adril\u00ad\u00fd\u00e4r. Bu barada \u00abT\u00fcrkmenistan\u00bb gazetinde habar berildi.<\/p>\n<p>T\u00fcrk\u00adme\u00adnis\u00adta\u00adny\u0148 Se\u00adna\u00adgat\u00ad\u00e7y\u00adlar we te\u00adle\u00adke\u00ad\u00e7i\u00adler bir\u00adle\u015f\u00adme\u00adsi\u00adni\u0148 ag\u00adza\u00adsy \u00abBa\u00fd\u00adly gur\u00adlu\u00ad\u015fyk\u00bb hu\u00adsu\u00adsy k\u00e4r\u00adha\u00adna\u00adsy ta\u00adra\u00adpyn\u00addan gur\u00adlu\u00ad\u015fy\u00adgy ta\u00admam\u00adla\u00fd\u00adjy tap\u00adgyr\u00adda al\u00adnyp ba\u00adryl\u00ad\u00fdan bi\u00adlim oja\u00adgy\u00adny \u00fdo\u00adka\u00adry de\u00adre\u00adje\u00adde en\u00adjam\u00adla\u015f\u00addyr\u00admak i\u015fi\u00adne a\u00fd\u00adra\u00adtyn jo\u00adgap\u00adk\u00e4r\u00ad\u00e7ilikli \u00e7e\u00adme\u00adle\u00ad\u015fil\u00ad\u00fd\u00e4r. Mekdebi\u0148 120 orun\u00adlyk umu\u00admy\u00fda\u00ad\u015fa\u00ad\u00fdy\u015f ja\u00ad\u00fdy\u00ad hem bar.<\/p>\n<p>\u00d6\u0148\u00adde\u00adba\u00adry\u00adjy teh\u00adno\u00adlo\u00adgi\u00ad\u00fda\u00adla\u00adra da\u00ad\u00fdan\u00ad\u00fdan bi\u00adlim eda\u00adra\u00adla\u00adry\u00adny\u0148 i\u015fini k\u00e4\u00admil\u00adle\u015f\u00addir\u00admek ug\u00adrun\u00adda edil\u00ad\u00fd\u00e4n ta\u00adgal\u00adla\u00adla\u00adry\u0148 ro\u00adwa\u00e7\u00adlan\u00ad\u00fdan\u00addy\u00adgy\u00adny ala\u00admat\u00adlan\u00addyr\u00ad\u00fdan d\u00f6w\u00adre\u00adbap mek\u00addep mugallymlara we okuw\u00ad\u00e7y\u00adla\u00adra \u00f6z\u00adbo\u00adlu\u015f\u00adly to\u00fd sow\u00adga\u00addy bo\u00adlar di\u00fdlip, habarda bellenil\u00fd\u00e4r.<\/p>\n","protected":false},"excerpt":{"rendered":"<p>Bilimler we ta\u00adlyp \u00fda\u015f\u00adlar g\u00fc\u00adni my\u00adna\u00adsy\u00adbet\u00adli Ak bug\u00adda\u00fd et\u00adra\u00adby\u00adny\u0148 Bo\u00adkur\u00addak \u015f\u00e4\u00adher\u00ad\u00e7e\u00adsin\u00adde 1200 orun\u00adlyk umu\u00admy\u00adbi\u00adlim ber\u00ad\u00fd\u00e4n t\u00e4\u00adze, d\u00f6w\u00adre\u00adbap mek\u00adde\u00adbi a\u00e7yp ulan\u00adma\u00adga ber\u00admek me\u00ad\u00fdil\u00adle\u015f\u00addi\u00adril\u00ad\u00fd\u00e4r. Bu barada \u00abT\u00fcrkmenistan\u00bb gazetinde habar berildi. T\u00fcrk\u00adme\u00adnis\u00adta\u00adny\u0148 Se\u00adna\u00adgat\u00ad\u00e7y\u00adlar we te\u00adle\u00adke\u00ad\u00e7i\u00adler bir\u00adle\u015f\u00adme\u00adsi\u00adni\u0148 ag\u00adza\u00adsy \u00abBa\u00fd\u00adly gur\u00adlu\u00ad\u015fyk\u00bb hu\u00adsu\u00adsy k\u00e4r\u00adha\u00adna\u00adsy ta\u00adra\u00adpyn\u00addan gur\u00adlu\u00ad\u015fy\u00adgy ta\u00admam\u00adla\u00fd\u00adjy tap\u00adgyr\u00adda al\u00adnyp ba\u00adryl\u00ad\u00fdan bi\u00adlim oja\u00adgy\u00adny \u00fdo\u00adka\u00adry de\u00adre\u00adje\u00adde en\u00adjam\u00adla\u015f\u00addyr\u00admak i\u015fi\u00adne a\u00fd\u00adra\u00adtyn jo\u00adgap\u00adk\u00e4r\u00ad\u00e7ilikli \u00e7e\u00adme\u00adle\u00ad\u015fil\u00ad\u00fd\u00e4r. Mekdebi\u0148 120 [&hellip;]<\/p>\n","protected":false},"author":2,"featured_media":115005,"comment_status":"open","ping_status":"closed","sticky":false,"template":"","format":"standard","meta":{"footnotes":""},"categories":[3],"tags":[],"acf":[],"_links":{"self":[{"href":"https:\/\/zamanturkmenistan.com.tm\/index.php?rest_route=\/wp\/v2\/posts\/115004"}],"collection":[{"href":"https:\/\/zamanturkmenistan.com.tm\/index.php?rest_route=\/wp\/v2\/posts"}],"about":[{"href":"https:\/\/zamanturkmenistan.com.tm\/index.php?rest_route=\/wp\/v2\/types\/post"}],"author":[{"embeddable":true,"href":"https:\/\/zamanturkmenistan.com.tm\/index.php?rest_route=\/wp\/v2\/users\/2"}],"replies":[{"embeddable":true,"href":"https:\/\/zamanturkmenistan.com.tm\/index.php?rest_route=%2Fwp%2Fv2%2Fcomments&post=115004"}],"version-history":[{"count":1,"href":"https:\/\/zamanturkmenistan.com.tm\/index.php?rest_route=\/wp\/v2\/posts\/115004\/revisions"}],"predecessor-version":[{"id":115007,"href":"https:\/\/zamanturkmenistan.com.tm\/index.php?rest_route=\/wp\/v2\/posts\/115004\/revisions\/115007"}],"wp:featuredmedia":[{"embeddable":true,"href":"https:\/\/zamanturkmenistan.com.tm\/index.php?rest_route=\/wp\/v2\/media\/115005"}],"wp:attachment":[{"href":"https:\/\/zamanturkmenistan.com.tm\/index.php?rest_route=%2Fwp%2Fv2%2Fmedia&parent=115004"}],"wp:term":[{"taxonomy":"category","embeddable":true,"href":"https:\/\/zamanturkmenistan.com.tm\/index.php?rest_route=%2Fwp%2Fv2%2Fcategories&post=115004"},{"taxonomy":"post_tag","embeddable":true,"href":"https:\/\/zamanturkmenistan.com.tm\/index.php?rest_route=%2Fwp%2Fv2%2Ftags&post=115004"}],"curies":[{"name":"wp","href":"https:\/\/api.w.org\/{rel}","templated":true}]}}