{"id":115016,"date":"2024-08-21T13:08:42","date_gmt":"2024-08-21T08:08:42","guid":{"rendered":"https:\/\/zamanturkmenistan.com.tm\/?p=115016"},"modified":"2024-08-21T13:08:42","modified_gmt":"2024-08-21T08:08:42","slug":"turkmenistan-hytay-haryt-yarmarkasyna-gatnasdy","status":"publish","type":"post","link":"https:\/\/zamanturkmenistan.com.tm\/?p=115016","title":{"rendered":"T\u00fcrkmenistan Hyta\u00fd haryt \u00fdarmarkasyna gatna\u015fdy"},"content":{"rendered":"<p>T\u00fcrkmenistanda \u00f6nd\u00fcrilen \u00f6n\u00fcmler Hyta\u00fd Halk Respublikasyny\u0148 Sinsz\u00fdan-U\u00fdgur awtonom sebitinde 16-njy awgustdan 20-nji awgust aralygynda ge\u00e7irilen \u00abKa\u015fgar \u2014 Merkezi we G\u00fcnorta Azi\u00fda\u00bb Hyta\u00fd haryt \u00fdarmarkasynda h\u00f6d\u00fcrlendi.<br \/>\n\u00ddarmarka Merkezi we G\u00fcnorta Azi\u00fdany\u0148 sebitleri \u00fc\u00e7in eksporta g\u00f6n\u00fckdirilen ykdysady strategiki me\u00fddan\u00e7a d\u00f6retmegi maksat edin\u00fd\u00e4r. \u015ee\u00fdle-de ykdysady, s\u00f6wda gatna\u015fyklaryny yzygiderli gi\u0148eltmekden we \u00e7u\u0148la\u015fdyrmakdan ybaratdyr.<br \/>\n\u00abKa\u015fgar \u2014 Merkezi we G\u00fcnorta Azi\u00fda\u00bb \u00fdarmarkasy o\u0148a gatna\u015fyjylara hyzmatda\u015flygy\u0148 m\u00f6h\u00fcm netijelerini gazanmak \u00fc\u00e7in i\u015few\u00fcrlik geple\u015fiklerini, hyzmatda\u015flyk \u015fertnamalaryna gol \u00e7ekmek, tehniki aly\u015f-\u00e7aly\u015f we \u015f.m. \u00fdaly k\u00f6p sanly hyzmatda\u015flygy \u00fcpj\u00fcn ed\u00fd\u00e4r.<br \/>\nHHM-ni\u0148 ber\u00fd\u00e4n habaryna g\u00f6r\u00e4, \u015fu \u00fdyl Ka\u015fgar \u00fdarmarkasynda gol \u00e7ekilen \u015fertnamalary\u0148 umumy mukdary i\u0148 \u00fdokary derej\u00e4 \u00fdetdi.<\/p>\n","protected":false},"excerpt":{"rendered":"<p>T\u00fcrkmenistanda \u00f6nd\u00fcrilen \u00f6n\u00fcmler Hyta\u00fd Halk Respublikasyny\u0148 Sinsz\u00fdan-U\u00fdgur awtonom sebitinde 16-njy awgustdan 20-nji awgust aralygynda ge\u00e7irilen \u00abKa\u015fgar \u2014 Merkezi we G\u00fcnorta Azi\u00fda\u00bb Hyta\u00fd haryt \u00fdarmarkasynda h\u00f6d\u00fcrlendi. \u00ddarmarka Merkezi we G\u00fcnorta Azi\u00fdany\u0148 sebitleri \u00fc\u00e7in eksporta g\u00f6n\u00fckdirilen ykdysady strategiki me\u00fddan\u00e7a d\u00f6retmegi maksat edin\u00fd\u00e4r. \u015ee\u00fdle-de ykdysady, s\u00f6wda gatna\u015fyklaryny yzygiderli gi\u0148eltmekden we \u00e7u\u0148la\u015fdyrmakdan ybaratdyr. \u00abKa\u015fgar \u2014 Merkezi we G\u00fcnorta Azi\u00fda\u00bb [&hellip;]<\/p>\n","protected":false},"author":2,"featured_media":115017,"comment_status":"open","ping_status":"closed","sticky":false,"template":"","format":"standard","meta":{"footnotes":""},"categories":[3],"tags":[],"acf":[],"_links":{"self":[{"href":"https:\/\/zamanturkmenistan.com.tm\/index.php?rest_route=\/wp\/v2\/posts\/115016"}],"collection":[{"href":"https:\/\/zamanturkmenistan.com.tm\/index.php?rest_route=\/wp\/v2\/posts"}],"about":[{"href":"https:\/\/zamanturkmenistan.com.tm\/index.php?rest_route=\/wp\/v2\/types\/post"}],"author":[{"embeddable":true,"href":"https:\/\/zamanturkmenistan.com.tm\/index.php?rest_route=\/wp\/v2\/users\/2"}],"replies":[{"embeddable":true,"href":"https:\/\/zamanturkmenistan.com.tm\/index.php?rest_route=%2Fwp%2Fv2%2Fcomments&post=115016"}],"version-history":[{"count":1,"href":"https:\/\/zamanturkmenistan.com.tm\/index.php?rest_route=\/wp\/v2\/posts\/115016\/revisions"}],"predecessor-version":[{"id":115018,"href":"https:\/\/zamanturkmenistan.com.tm\/index.php?rest_route=\/wp\/v2\/posts\/115016\/revisions\/115018"}],"wp:featuredmedia":[{"embeddable":true,"href":"https:\/\/zamanturkmenistan.com.tm\/index.php?rest_route=\/wp\/v2\/media\/115017"}],"wp:attachment":[{"href":"https:\/\/zamanturkmenistan.com.tm\/index.php?rest_route=%2Fwp%2Fv2%2Fmedia&parent=115016"}],"wp:term":[{"taxonomy":"category","embeddable":true,"href":"https:\/\/zamanturkmenistan.com.tm\/index.php?rest_route=%2Fwp%2Fv2%2Fcategories&post=115016"},{"taxonomy":"post_tag","embeddable":true,"href":"https:\/\/zamanturkmenistan.com.tm\/index.php?rest_route=%2Fwp%2Fv2%2Ftags&post=115016"}],"curies":[{"name":"wp","href":"https:\/\/api.w.org\/{rel}","templated":true}]}}