{"id":115560,"date":"2024-08-31T11:43:18","date_gmt":"2024-08-31T06:43:18","guid":{"rendered":"https:\/\/zamanturkmenistan.com.tm\/?p=115560"},"modified":"2024-08-31T11:43:18","modified_gmt":"2024-08-31T06:43:18","slug":"jemi-icerki-onum-63-goterim-artdy","status":"publish","type":"post","link":"https:\/\/zamanturkmenistan.com.tm\/?p=115560","title":{"rendered":"Jemi i\u00e7erki \u00f6n\u00fcm 6,3 g\u00f6terim artdy"},"content":{"rendered":"<p><strong>30-njy <\/strong><strong>awgustda hormatly Prezidentimiz Serdar Berdimuhamedow sanly ulgam arkaly Ministrler Kabinetini\u0148 mejlisini ge\u00e7irdi. Onda \u015fu \u00fdyly\u0148 \u00fdedi a\u00fdynda alnyp barlan i\u015fleri\u0148 jemleri jemlenildi, \u015fe\u00fdle hem \u00fdurdumyzy durmu\u015f-ykdysady ta\u00fddan \u00f6sd\u00fcrmek bo\u00fdun\u00e7a m\u00f6h\u00fcm meselelere garaldy.<\/strong><\/p>\n<p>Ministrler Kabinetini\u0148 Ba\u015flygyny\u0148 orunbasary H.Geldimyradow 2024-nji \u00fdyly\u0148 \u00fdanwar \u2014 i\u00fdul a\u00fdlarynda \u00fdurdumyzda gazanylan makroykdysady g\u00f6rkezijiler barada hasabat berdi. Maksatnamala\u00fdyn \u00e7\u00e4releri\u0148 \u00fcst\u00fcnlikli durmu\u015fa ge\u00e7irilmegi netijesinde, \u015fu \u00fdyly\u0148 \u00fdedi a\u00fdynda jemi i\u00e7erki \u00f6n\u00fcm 6,3 g\u00f6terim artdy. Bu g\u00f6rkeziji senagat pudagynda 3,6 g\u00f6terime, gurlu\u015fykda 9,3 g\u00f6terime, ulag we aragatna\u015fyk pudagynda 7,1 g\u00f6terime, s\u00f6wdada 7,8 g\u00f6terime, oba hojalygynda 7,8 g\u00f6terime, hyzmatlar ulgamynda 7 g\u00f6terime de\u0148 boldy. Ge\u00e7en \u00fdyly\u0148 degi\u015fli d\u00f6wri bilen de\u0148e\u015fdirilende, \u015fu \u00fdyly\u0148 \u00fdanwar \u2014 i\u00fdul a\u00fdlarynda jemi \u00f6nd\u00fcrilen \u00f6n\u00fcm 11,5 g\u00f6terim artyp, ykdysady\u00fdeti\u0148 pudaklarynda kadaly \u00f6n\u00fcm\u00e7ilik netijeleri gazanyldy.<\/p>\n<p>2023-nji \u00fdyly\u0148 degi\u015fli d\u00f6wri bilen de\u0148e\u015fdirilende, b\u00f6lek satuw haryt dolany\u015fygy 11 g\u00f6terim artdy. \u015eu \u00fdyly\u0148 \u00fdanwar \u2014 i\u00fdul a\u00fdlaryny\u0148 jemleri bo\u00fdun\u00e7a D\u00f6wlet b\u00fdujetini\u0148 girdeji b\u00f6legi 102,9 g\u00f6terim, \u00e7ykdajy b\u00f6legi 97,8 g\u00f6terim \u00fderine \u00fdetirildi. \u00ddurdumyzy\u0148 iri we orta k\u00e4rhanalarynda orta\u00e7a a\u00fdlyk z\u00e4hmet haky, 2023-nji \u00fdyly\u0148 degi\u015fli d\u00f6wr\u00fcne g\u00f6r\u00e4, 10,5 g\u00f6terim \u00fdokarlandy. Z\u00e4hmet haklary, pensi\u00fdalar, d\u00f6wlet k\u00f6mek pullary, talyp haklary \u00f6z wagtynda mali\u00fdele\u015fdirildi. Mali\u00fdele\u015fdirmegi\u0148 \u00e4hli \u00e7e\u015fmelerini\u0148 hasabyna \u00f6zle\u015fdirilen d\u00fc\u00fdpli ma\u00fda go\u00fdumlary\u0148 m\u00f6\u00e7beri, ge\u00e7en \u00fdyly\u0148 degi\u015fli d\u00f6wri bilen de\u0148e\u015fdirilende, 12,1 g\u00f6terim artdy. \u015ee\u00fdle hem Oba milli maksatnamasyny\u0148 \u00fderine \u00fdetirili\u015fi barada hasabat berildi, hususan-da, durmu\u015f maksatly we d\u00fcz\u00fcmle\u00fdin desgalary\u0148 gurlu\u015fygy bo\u00fdun\u00e7a g\u00f6rkezijiler be\u00fdan edildi.<\/p>\n<p>Hormatly Prezidentimiz hasabaty di\u0148l\u00e4p, milli ykdysady\u00fdetimizi\u0148 makroykdysady g\u00f6rkezijilerini durnukly saklamak bo\u00fdun\u00e7a zerur i\u015fleri ge\u00e7irmegi\u0148 wajypdygyny belledi. \u015eunda jemi i\u00e7erki \u00f6n\u00fcmi\u0148 \u00f6s\u00fc\u015f depginini \u00fdokary derejede saklamaga m\u00f6h\u00fcm \u00e4hmi\u00fdet berilmelidir di\u00fdip, d\u00f6wlet Ba\u015ftutanymyz a\u00fdtdy we wise-prem\u00fdere hereket ed\u00fd\u00e4n \u00f6n\u00fcm\u00e7ilikleri d\u00f6wrebapla\u015fdyrmak, t\u00e4zelerini\u0148 i\u015fini \u00fdola go\u00fdmak bo\u00fdun\u00e7a alnyp baryl\u00fdan i\u015fleri berk g\u00f6zeg\u00e7ilikde saklamagy tab\u015fyrdy.<\/p>\n","protected":false},"excerpt":{"rendered":"<p>30-njy awgustda hormatly Prezidentimiz Serdar Berdimuhamedow sanly ulgam arkaly Ministrler Kabinetini\u0148 mejlisini ge\u00e7irdi. Onda \u015fu \u00fdyly\u0148 \u00fdedi a\u00fdynda alnyp barlan i\u015fleri\u0148 jemleri jemlenildi, \u015fe\u00fdle hem \u00fdurdumyzy durmu\u015f-ykdysady ta\u00fddan \u00f6sd\u00fcrmek bo\u00fdun\u00e7a m\u00f6h\u00fcm meselelere garaldy. Ministrler Kabinetini\u0148 Ba\u015flygyny\u0148 orunbasary H.Geldimyradow 2024-nji \u00fdyly\u0148 \u00fdanwar \u2014 i\u00fdul a\u00fdlarynda \u00fdurdumyzda gazanylan makroykdysady g\u00f6rkezijiler barada hasabat berdi. Maksatnamala\u00fdyn \u00e7\u00e4releri\u0148 \u00fcst\u00fcnlikli durmu\u015fa [&hellip;]<\/p>\n","protected":false},"author":2,"featured_media":115561,"comment_status":"open","ping_status":"closed","sticky":false,"template":"","format":"standard","meta":{"footnotes":""},"categories":[3],"tags":[],"acf":[],"_links":{"self":[{"href":"https:\/\/zamanturkmenistan.com.tm\/index.php?rest_route=\/wp\/v2\/posts\/115560"}],"collection":[{"href":"https:\/\/zamanturkmenistan.com.tm\/index.php?rest_route=\/wp\/v2\/posts"}],"about":[{"href":"https:\/\/zamanturkmenistan.com.tm\/index.php?rest_route=\/wp\/v2\/types\/post"}],"author":[{"embeddable":true,"href":"https:\/\/zamanturkmenistan.com.tm\/index.php?rest_route=\/wp\/v2\/users\/2"}],"replies":[{"embeddable":true,"href":"https:\/\/zamanturkmenistan.com.tm\/index.php?rest_route=%2Fwp%2Fv2%2Fcomments&post=115560"}],"version-history":[{"count":1,"href":"https:\/\/zamanturkmenistan.com.tm\/index.php?rest_route=\/wp\/v2\/posts\/115560\/revisions"}],"predecessor-version":[{"id":115562,"href":"https:\/\/zamanturkmenistan.com.tm\/index.php?rest_route=\/wp\/v2\/posts\/115560\/revisions\/115562"}],"wp:featuredmedia":[{"embeddable":true,"href":"https:\/\/zamanturkmenistan.com.tm\/index.php?rest_route=\/wp\/v2\/media\/115561"}],"wp:attachment":[{"href":"https:\/\/zamanturkmenistan.com.tm\/index.php?rest_route=%2Fwp%2Fv2%2Fmedia&parent=115560"}],"wp:term":[{"taxonomy":"category","embeddable":true,"href":"https:\/\/zamanturkmenistan.com.tm\/index.php?rest_route=%2Fwp%2Fv2%2Fcategories&post=115560"},{"taxonomy":"post_tag","embeddable":true,"href":"https:\/\/zamanturkmenistan.com.tm\/index.php?rest_route=%2Fwp%2Fv2%2Ftags&post=115560"}],"curies":[{"name":"wp","href":"https:\/\/api.w.org\/{rel}","templated":true}]}}