{"id":115569,"date":"2024-08-31T12:09:59","date_gmt":"2024-08-31T07:09:59","guid":{"rendered":"https:\/\/zamanturkmenistan.com.tm\/?p=115569"},"modified":"2024-08-31T12:09:59","modified_gmt":"2024-08-31T07:09:59","slug":"su-yyl-asgabat-saheri-boyunca-17-mun-864-caga-1-nji-synpa-kabul-ediler","status":"publish","type":"post","link":"https:\/\/zamanturkmenistan.com.tm\/?p=115569","title":{"rendered":"\u015eu \u00fdyl A\u015fgabat \u015f\u00e4heri bo\u00fdun\u00e7a 17 m\u00fc\u0148 864 \u00e7aga 1-nji synpa kabul ediler"},"content":{"rendered":"<p>\u015eu \u00fdyl 1-nji synpa kabul edilen 17 m\u00fc\u0148 864 okuw\u00e7a \u00abBilimli\u00bb atly noutbuk komp\u00fduterleri sowgat berler. Bu barada \u00abT\u00fcrkmenistan\u00bb gazetinde habar berildi.<\/p>\n<p>Habarda bellenili\u015fi \u00fdaly, A\u015fgabat \u015f\u00e4herini\u0148 bilim edaralarynda, \u015fol sanda 146 sany orta mekdepde we 189 sany \u00e7agalar bagynda \u00fde\u0148il hem-de d\u00fc\u00fdpli abatla\u00fdy\u015f i\u015fleri ge\u00e7irilip, olar t\u00e4ze okuw \u00fdylyna doly ta\u00fd\u00fdar edildi. Okuw\u00e7ylary\u0148 1-nji sent\u00fdabrdan ba\u015flap d\u00f6wrebap, h\u00e4zirki zaman \u015fertlerinde bilim almagy \u00fc\u00e7in \u00e4hli \u015fertler d\u00f6redildi.<\/p>\n<p>T\u00e4ze okuw \u00fdylyna ta\u00fd\u00fdarlygy\u0148 \u00e7\u00e4ginde bilim edaralaryny mugallymlar bilen \u00fcpj\u00fcn etmek meselesine a\u00fdratyn \u00e4hmi\u00fdet berildi. \u015eonu\u0148 bilen baglylykda, 2024-2025-nji okuw \u00fdylynda pedagogik ugurly orta h\u00fcn\u00e4r we \u00fdokary okuw mekdeplerini tamamlanlary\u0148 jemi 1 m\u00fc\u0148den gowragy A\u015fgabady\u0148 bilim edaralaryna i\u015fe \u00fdollanyldy di\u00fdlip, habarda bellenil\u00fd\u00e4r.<\/p>\n<p>&nbsp;<\/p>\n","protected":false},"excerpt":{"rendered":"<p>\u015eu \u00fdyl 1-nji synpa kabul edilen 17 m\u00fc\u0148 864 okuw\u00e7a \u00abBilimli\u00bb atly noutbuk komp\u00fduterleri sowgat berler. Bu barada \u00abT\u00fcrkmenistan\u00bb gazetinde habar berildi. Habarda bellenili\u015fi \u00fdaly, A\u015fgabat \u015f\u00e4herini\u0148 bilim edaralarynda, \u015fol sanda 146 sany orta mekdepde we 189 sany \u00e7agalar bagynda \u00fde\u0148il hem-de d\u00fc\u00fdpli abatla\u00fdy\u015f i\u015fleri ge\u00e7irilip, olar t\u00e4ze okuw \u00fdylyna doly ta\u00fd\u00fdar edildi. Okuw\u00e7ylary\u0148 1-nji [&hellip;]<\/p>\n","protected":false},"author":2,"featured_media":115570,"comment_status":"open","ping_status":"closed","sticky":false,"template":"","format":"standard","meta":{"footnotes":""},"categories":[3],"tags":[],"acf":[],"_links":{"self":[{"href":"https:\/\/zamanturkmenistan.com.tm\/index.php?rest_route=\/wp\/v2\/posts\/115569"}],"collection":[{"href":"https:\/\/zamanturkmenistan.com.tm\/index.php?rest_route=\/wp\/v2\/posts"}],"about":[{"href":"https:\/\/zamanturkmenistan.com.tm\/index.php?rest_route=\/wp\/v2\/types\/post"}],"author":[{"embeddable":true,"href":"https:\/\/zamanturkmenistan.com.tm\/index.php?rest_route=\/wp\/v2\/users\/2"}],"replies":[{"embeddable":true,"href":"https:\/\/zamanturkmenistan.com.tm\/index.php?rest_route=%2Fwp%2Fv2%2Fcomments&post=115569"}],"version-history":[{"count":1,"href":"https:\/\/zamanturkmenistan.com.tm\/index.php?rest_route=\/wp\/v2\/posts\/115569\/revisions"}],"predecessor-version":[{"id":115571,"href":"https:\/\/zamanturkmenistan.com.tm\/index.php?rest_route=\/wp\/v2\/posts\/115569\/revisions\/115571"}],"wp:featuredmedia":[{"embeddable":true,"href":"https:\/\/zamanturkmenistan.com.tm\/index.php?rest_route=\/wp\/v2\/media\/115570"}],"wp:attachment":[{"href":"https:\/\/zamanturkmenistan.com.tm\/index.php?rest_route=%2Fwp%2Fv2%2Fmedia&parent=115569"}],"wp:term":[{"taxonomy":"category","embeddable":true,"href":"https:\/\/zamanturkmenistan.com.tm\/index.php?rest_route=%2Fwp%2Fv2%2Fcategories&post=115569"},{"taxonomy":"post_tag","embeddable":true,"href":"https:\/\/zamanturkmenistan.com.tm\/index.php?rest_route=%2Fwp%2Fv2%2Ftags&post=115569"}],"curies":[{"name":"wp","href":"https:\/\/api.w.org\/{rel}","templated":true}]}}