{"id":115602,"date":"2024-08-31T14:21:59","date_gmt":"2024-08-31T09:21:59","guid":{"rendered":"https:\/\/zamanturkmenistan.com.tm\/?p=115602"},"modified":"2024-08-31T14:21:59","modified_gmt":"2024-08-31T09:21:59","slug":"kamala-harrisin-ilkinji-sohbetdesligi","status":"publish","type":"post","link":"https:\/\/zamanturkmenistan.com.tm\/?p=115602","title":{"rendered":"Kamala Harrisi\u0148 ilkinji s\u00f6hbetde\u015fligi"},"content":{"rendered":"<p>AB\u015e-ny\u0148 h\u00e4zirki wise-prezidenti, demokratlar tarapyndan prezidentlige dala\u015fg\u00e4r Kamala Harris sa\u00fdlawlardan iki a\u00fd \u00f6\u0148 CNN tele\u00fda\u00fdlymyny\u0148 studi\u00fdasyna gelip, ilkinji gezek alyp baryjy Dana Ba\u015f bilen s\u00f6hbetde\u015flik ge\u00e7irdi.<\/p>\n<p>Bir a\u00fd mundan ozal prezidentlige dala\u015fg\u00e4r h\u00f6km\u00fcnde h\u00f6d\u00fcrlenen Kamala Harris bir sagada \u00e7eken s\u00f6hbetde\u015fliginde, esasan, i\u00e7erki meselelere \u00fcns\u00fcni jemledi. \u015ee\u00fdle hem, ol s\u00f6hbetde\u015fligi\u0148 dowamynda \u00fdakyn wagtda \u00fdurtda ge\u00e7iriljek Prezident sa\u00fdlawlary, AB\u015e-ny\u0148 h\u00e4zirki lideri Jozef Ba\u00fdden bilen \u00f6zara gatna\u015fygy we Meksika bilen serhetd\u00e4ki \u00fdagda\u00fd barada durup ge\u00e7di. S\u00f6hbetde\u015fligi\u0148 bar\u015fynda Kamala Harris da\u015fary sy\u00fdasatda Ba\u00fdden administrasi\u00fdasyny\u0148 alyp bar\u00fdan sy\u00fdasatyna berk e\u00fderjekdigini belledi. Harris sa\u00fdlawlarda \u00fde\u0148i\u015f gazansa, ilkinji maksatlary barada anyk \u00e4dimlerini sanap ge\u00e7medi. Mu\u0148a derek, ykdysady\u00fdeti g\u00fc\u00fd\u00e7lendirmek meselesine a\u00fdratyn \u00fcns berdi.<\/p>\n<p>&#8211; Ilki bilen, meni\u0148 esasy ileri tut\u00fdan meselelerimi\u0148 biri orta gatlagy goldamak we g\u00fc\u00fd\u00e7lendirmek \u00fc\u00e7in m\u00fcmkin bolan \u00e4hli zady etmek \u2013 di\u00fdip, sy\u00fdasat\u00e7y belledi. Pikir soraly\u015fyklarda sa\u00fdlaw\u00e7ylary\u0148 has k\u00f6p\u00fcsini\u0148 ykdysady\u00fdeti dolandyrmak we infl\u00fdasi\u00fdany\u0148 \u00f6\u0148\u00fcni almak babatda Trampa bil bagla\u00fdandygyny g\u00f6rkez\u00fd\u00e4r. \u00dd\u00f6ne Harris b\u00e4sle\u015fige gireli b\u00e4ri \u015fe\u00fdle sa\u00fdlaw\u00e7ylary\u0148 sany barha azal\u00fdandygy belli boldy.<\/p>\n<p>Harris s\u00f6hbetde\u015fligi\u0148 dowamynda, i\u00e7erki sy\u00fdasat barada durup ge\u00e7ip, Meksika bilen serhetd\u00e4ki \u00fdagda\u00fda a\u00fdratyn \u00fcnsi \u00e7ekdi. Prezidentlige dala\u015fg\u00e4r giri\u015f d\u00fczg\u00fcnlerini hasam berkitjek &#8220;gi\u0148i\u015fle\u00fdin serhet kanunyny&#8221; kabul etm\u00e4ge tagalla etjekdigini we bu kanuna g\u00f6zeg\u00e7iligi\u0148 \u00fcpj\u00fcn edilmegini\u0148 zerurdygyny belledi. &#8211; Bikanun serhetden ge\u00e7ilmegi \u00fdol berilmesiz \u00fdagda\u00fddyr \u2013 di\u00fdip, kamala Harris a\u00fdtdy.<\/p>\n<p>Be\u00fdleki bir tarapdan, syn\u00e7ylar Harrisi\u0148 \u00dder gatlagy\u0148 gidrawliki b\u00f6ws\u00fcli\u015fine, \u00fdagny, frekinge bolan gara\u00fd\u015fyny\u0148 \u00fc\u00fdtg\u00e4ndigini bellediler. Harris da\u015fky gur\u015fawy\u0148 netijelerine, esasan hem, \u00fderasty suwlary\u0148 hapalanmagyna seb\u00e4p bolup biljek nebit we gaz \u00e7ykarmagy\u0148 bu usulyny gadagan etmek isleme\u00fd\u00e4ndigini a\u00fdtdy. \u00c7\u00fcnki Pensilwani\u00fda \u015ftatynda gidrawlik b\u00f6ws\u00fc\u015f arkaly uglewodorod \u00e7ykarmak pudagynda k\u00f6p adam z\u00e4hmet \u00e7ek\u00fd\u00e4r.<\/p>\n<p>Kamala Harris Ba\u00fddeni\u0148 administrasi\u00fdasy tarapyndan girizilen ykdysady \u00e7\u00e4releri goramak bilen, \u00f6z\u00fcne \u00e7\u00f6z\u00fclmegi m\u00f6h\u00fcm bolan birn\u00e4\u00e7e ykdysady meseleleri\u0148 miras galandygyny a\u00fdtdy. \u201cRo\u00fdter\u201d we \u201cIpsos\u201d agentlikleri tarapyndan ge\u00e7irilen pikir soraly\u015fykda Harris 45 g\u00f6terim sese, Tramp bolsa, 41 g\u00f6terim sese e\u00fde boldy. Syn\u00e7ylar, prezidentlige dala\u015fg\u00e4r h\u00f6km\u00fcnde bir a\u00fdy\u0148 dowamynda Harrisi\u0148 \u00f6z\u00fcni\u0148 artykma\u00e7lygyny berkitmek \u00fc\u00e7in tagalla edendigini belle\u00fd\u00e4rler.<\/p>\n","protected":false},"excerpt":{"rendered":"<p>AB\u015e-ny\u0148 h\u00e4zirki wise-prezidenti, demokratlar tarapyndan prezidentlige dala\u015fg\u00e4r Kamala Harris sa\u00fdlawlardan iki a\u00fd \u00f6\u0148 CNN tele\u00fda\u00fdlymyny\u0148 studi\u00fdasyna gelip, ilkinji gezek alyp baryjy Dana Ba\u015f bilen s\u00f6hbetde\u015flik ge\u00e7irdi. Bir a\u00fd mundan ozal prezidentlige dala\u015fg\u00e4r h\u00f6km\u00fcnde h\u00f6d\u00fcrlenen Kamala Harris bir sagada \u00e7eken s\u00f6hbetde\u015fliginde, esasan, i\u00e7erki meselelere \u00fcns\u00fcni jemledi. \u015ee\u00fdle hem, ol s\u00f6hbetde\u015fligi\u0148 dowamynda \u00fdakyn wagtda \u00fdurtda ge\u00e7iriljek Prezident [&hellip;]<\/p>\n","protected":false},"author":2,"featured_media":115603,"comment_status":"open","ping_status":"closed","sticky":false,"template":"","format":"standard","meta":{"footnotes":""},"categories":[5],"tags":[9994],"acf":[],"_links":{"self":[{"href":"https:\/\/zamanturkmenistan.com.tm\/index.php?rest_route=\/wp\/v2\/posts\/115602"}],"collection":[{"href":"https:\/\/zamanturkmenistan.com.tm\/index.php?rest_route=\/wp\/v2\/posts"}],"about":[{"href":"https:\/\/zamanturkmenistan.com.tm\/index.php?rest_route=\/wp\/v2\/types\/post"}],"author":[{"embeddable":true,"href":"https:\/\/zamanturkmenistan.com.tm\/index.php?rest_route=\/wp\/v2\/users\/2"}],"replies":[{"embeddable":true,"href":"https:\/\/zamanturkmenistan.com.tm\/index.php?rest_route=%2Fwp%2Fv2%2Fcomments&post=115602"}],"version-history":[{"count":1,"href":"https:\/\/zamanturkmenistan.com.tm\/index.php?rest_route=\/wp\/v2\/posts\/115602\/revisions"}],"predecessor-version":[{"id":115604,"href":"https:\/\/zamanturkmenistan.com.tm\/index.php?rest_route=\/wp\/v2\/posts\/115602\/revisions\/115604"}],"wp:featuredmedia":[{"embeddable":true,"href":"https:\/\/zamanturkmenistan.com.tm\/index.php?rest_route=\/wp\/v2\/media\/115603"}],"wp:attachment":[{"href":"https:\/\/zamanturkmenistan.com.tm\/index.php?rest_route=%2Fwp%2Fv2%2Fmedia&parent=115602"}],"wp:term":[{"taxonomy":"category","embeddable":true,"href":"https:\/\/zamanturkmenistan.com.tm\/index.php?rest_route=%2Fwp%2Fv2%2Fcategories&post=115602"},{"taxonomy":"post_tag","embeddable":true,"href":"https:\/\/zamanturkmenistan.com.tm\/index.php?rest_route=%2Fwp%2Fv2%2Ftags&post=115602"}],"curies":[{"name":"wp","href":"https:\/\/api.w.org\/{rel}","templated":true}]}}