{"id":115721,"date":"2024-09-03T16:54:17","date_gmt":"2024-09-03T11:54:17","guid":{"rendered":"https:\/\/zamanturkmenistan.com.tm\/?p=115721"},"modified":"2024-09-03T16:54:17","modified_gmt":"2024-09-03T11:54:17","slug":"ol-indi-bawariyanyn-in-kop-dususyk-geciren-futbolcysy-boldy","status":"publish","type":"post","link":"https:\/\/zamanturkmenistan.com.tm\/?p=115721","title":{"rendered":"Ol indi \u201cBawari\u00fdany\u0148\u201d i\u0148 k\u00f6p du\u015fu\u015fyk ge\u00e7iren futbol\u00e7ysy boldy"},"content":{"rendered":"<p><span lang=\"TK\">Germani\u00fdany\u0148 \u00e7empionaty \u201c<\/span><span lang=\"TK\">Bundesligada<\/span><span lang=\"TK\">\u201d \u201c<\/span><span lang=\"TK\">Bawari\u00fda<\/span><span lang=\"TK\">\u201d \u00f6z me\u00fddan\u00e7asynda \u201c<\/span><span lang=\"TK\">Fra\u00fdburgy<\/span><span lang=\"TK\">\u201d\u00a0<\/span><span lang=\"TK\">2<\/span><span lang=\"TK\">&#8211;<\/span><span lang=\"TK\">0\u00a0<\/span><span lang=\"TK\">hasabynda \u00fde\u0148li\u015fe sezewar etdi.\u00a0<\/span><span lang=\"TK\">M\u00fcnhen\u00a0<\/span><span lang=\"TK\">\u015f\u00e4herini\u0148 wekiline \u00fde\u0148i\u015f getiren gollary\u00a0<\/span><span lang=\"TK\">38<\/span><span lang=\"TK\">-nji minutda\u00a0<\/span><span lang=\"TK\">penaltiden Harri Ke\u00fdn\u00a0<\/span><span lang=\"TK\">hem-de\u00a0<\/span><span lang=\"TK\">78<\/span><span lang=\"TK\">-nji minutda\u00a0<\/span><span lang=\"TK\">Tomas M\u00fcller\u00a0<\/span><span lang=\"TK\">ge\u00e7irdi. Du\u015fu\u015fykda\u00a0<\/span><span lang=\"TK\">59<\/span><span lang=\"TK\">-njy minutda o\u00fdna giren\u00a0<\/span><span lang=\"TK\">Tomas M\u00fcller\u00a0<\/span><span lang=\"TK\">taryhy rekordy t\u00e4zeledi. Ol \u201c<\/span><span lang=\"TK\">Bawari\u00fdany\u0148<\/span><span lang=\"TK\">\u201d d\u00fcz\u00fcminde\u00a0<\/span><span lang=\"TK\">710<\/span><span lang=\"TK\">-njy gezek me\u00fddan\u00e7a \u00e7ykyp, me\u015fhur derweze\u00e7i\u00a0<\/span><span lang=\"TK\">Sepp Ma\u00fderi\u0148\u00a0<\/span><span lang=\"TK\">rekordyny t\u00e4zeledi we\u00a0<\/span><span lang=\"TK\">m\u00fcnhenlileri\u0148\u00a0<\/span><span lang=\"TK\">k\u00f6\u00fdnek\u00e7esini i\u0148 k\u00f6p du\u015fu\u015fykda ge\u00fden futbol\u00e7y boldy.\u00a0<\/span><span lang=\"TK\">34\u00a0<\/span><span lang=\"TK\">\u00fda\u015fyndaky \u00fdyldyz o\u00fdun\u00e7y \u201c<\/span><span lang=\"TK\">Bundesligada<\/span><span lang=\"TK\">\u201d\u00a0<\/span><span lang=\"TK\">475<\/span><span lang=\"TK\">, Kubok \u00fdary\u015fynda\u00a0<\/span><span lang=\"TK\">66<\/span><span lang=\"TK\">,\u00a0<\/span><span lang=\"TK\">UEFA<\/span><span lang=\"TK\">&#8211;<\/span><span lang=\"TK\">ny\u0148\u00a0<\/span><span lang=\"TK\">\u00fdary\u015flarynda\u00a0<\/span><span lang=\"TK\">153\u00a0<\/span><span lang=\"TK\">we be\u00fdleki resmi b\u00e4sle\u015fiklerde\u00a0<\/span><span lang=\"TK\">16<\/span><span lang=\"TK\">, jemi\u00a0<\/span><span lang=\"TK\">710\u00a0<\/span><span lang=\"TK\">gezek \u201c<\/span><span lang=\"TK\">Bawari\u00fdany\u0148<\/span><span lang=\"TK\">\u201d d\u00fcz\u00fcminde me\u00fddan\u00e7a \u00e7ykdy.\u00a0<\/span><span lang=\"TK\">1962<\/span><span lang=\"TK\">&#8211;<\/span><span lang=\"TK\">1980<\/span><span lang=\"TK\">-nji \u00fdyllar aralygynda \u201c<\/span><span lang=\"TK\">Bawari\u00fdany\u0148<\/span><span lang=\"TK\">\u201d derwezesini goran\u00a0<\/span><span lang=\"TK\">Sepp Ma\u00fder\u00a0<\/span><span lang=\"TK\">709\u00a0<\/span><span lang=\"TK\">du\u015fu\u015fykda o\u00fdnapdy.\u00a0<\/span><span lang=\"TK\">2008<\/span><span lang=\"TK\">-nji \u00fdyldan b\u00e4ri \u201c<\/span><span lang=\"TK\">Bawari\u00fdany\u0148<\/span><span lang=\"TK\">\u201d esasy d\u00fcz\u00fcminde o\u00fdnap gel\u00fd\u00e4n\u00a0<\/span><span lang=\"TK\">Tomas M\u00fcller\u00a0<\/span><span lang=\"TK\">17\u00a0<\/span><span lang=\"TK\">\u00fdyllyk kar\u00fderasynda\u00a0<\/span><span lang=\"TK\">710\u00a0<\/span><span lang=\"TK\">o\u00fdunda\u00a0<\/span><span lang=\"TK\">245\u00a0<\/span><span lang=\"TK\">gol ge\u00e7irdi.\u00a0<\/span><\/p>\n","protected":false},"excerpt":{"rendered":"<p>Germani\u00fdany\u0148 \u00e7empionaty \u201cBundesligada\u201d \u201cBawari\u00fda\u201d \u00f6z me\u00fddan\u00e7asynda \u201cFra\u00fdburgy\u201d\u00a02&#8211;0\u00a0hasabynda \u00fde\u0148li\u015fe sezewar etdi.\u00a0M\u00fcnhen\u00a0\u015f\u00e4herini\u0148 wekiline \u00fde\u0148i\u015f getiren gollary\u00a038-nji minutda\u00a0penaltiden Harri Ke\u00fdn\u00a0hem-de\u00a078-nji minutda\u00a0Tomas M\u00fcller\u00a0ge\u00e7irdi. Du\u015fu\u015fykda\u00a059-njy minutda o\u00fdna giren\u00a0Tomas M\u00fcller\u00a0taryhy rekordy t\u00e4zeledi. Ol \u201cBawari\u00fdany\u0148\u201d d\u00fcz\u00fcminde\u00a0710-njy gezek me\u00fddan\u00e7a \u00e7ykyp, me\u015fhur derweze\u00e7i\u00a0Sepp Ma\u00fderi\u0148\u00a0rekordyny t\u00e4zeledi we\u00a0m\u00fcnhenlileri\u0148\u00a0k\u00f6\u00fdnek\u00e7esini i\u0148 k\u00f6p du\u015fu\u015fykda ge\u00fden futbol\u00e7y boldy.\u00a034\u00a0\u00fda\u015fyndaky \u00fdyldyz o\u00fdun\u00e7y \u201cBundesligada\u201d\u00a0475, Kubok \u00fdary\u015fynda\u00a066,\u00a0UEFA&#8211;ny\u0148\u00a0\u00fdary\u015flarynda\u00a0153\u00a0we be\u00fdleki resmi b\u00e4sle\u015fiklerde\u00a016, jemi\u00a0710\u00a0gezek \u201cBawari\u00fdany\u0148\u201d d\u00fcz\u00fcminde me\u00fddan\u00e7a [&hellip;]<\/p>\n","protected":false},"author":2,"featured_media":115722,"comment_status":"open","ping_status":"closed","sticky":false,"template":"","format":"standard","meta":{"footnotes":""},"categories":[8200,13],"tags":[390,7429,994],"acf":[],"_links":{"self":[{"href":"https:\/\/zamanturkmenistan.com.tm\/index.php?rest_route=\/wp\/v2\/posts\/115721"}],"collection":[{"href":"https:\/\/zamanturkmenistan.com.tm\/index.php?rest_route=\/wp\/v2\/posts"}],"about":[{"href":"https:\/\/zamanturkmenistan.com.tm\/index.php?rest_route=\/wp\/v2\/types\/post"}],"author":[{"embeddable":true,"href":"https:\/\/zamanturkmenistan.com.tm\/index.php?rest_route=\/wp\/v2\/users\/2"}],"replies":[{"embeddable":true,"href":"https:\/\/zamanturkmenistan.com.tm\/index.php?rest_route=%2Fwp%2Fv2%2Fcomments&post=115721"}],"version-history":[{"count":1,"href":"https:\/\/zamanturkmenistan.com.tm\/index.php?rest_route=\/wp\/v2\/posts\/115721\/revisions"}],"predecessor-version":[{"id":115725,"href":"https:\/\/zamanturkmenistan.com.tm\/index.php?rest_route=\/wp\/v2\/posts\/115721\/revisions\/115725"}],"wp:featuredmedia":[{"embeddable":true,"href":"https:\/\/zamanturkmenistan.com.tm\/index.php?rest_route=\/wp\/v2\/media\/115722"}],"wp:attachment":[{"href":"https:\/\/zamanturkmenistan.com.tm\/index.php?rest_route=%2Fwp%2Fv2%2Fmedia&parent=115721"}],"wp:term":[{"taxonomy":"category","embeddable":true,"href":"https:\/\/zamanturkmenistan.com.tm\/index.php?rest_route=%2Fwp%2Fv2%2Fcategories&post=115721"},{"taxonomy":"post_tag","embeddable":true,"href":"https:\/\/zamanturkmenistan.com.tm\/index.php?rest_route=%2Fwp%2Fv2%2Ftags&post=115721"}],"curies":[{"name":"wp","href":"https:\/\/api.w.org\/{rel}","templated":true}]}}