{"id":115753,"date":"2024-09-04T10:28:42","date_gmt":"2024-09-04T05:28:42","guid":{"rendered":"https:\/\/zamanturkmenistan.com.tm\/?p=115753"},"modified":"2024-09-04T10:28:42","modified_gmt":"2024-09-04T05:28:42","slug":"turkmenistan-ronesans-holding-turk-kompaniyasy-bilen-hyzmatdaslygy-dowam-etdiryar","status":"publish","type":"post","link":"https:\/\/zamanturkmenistan.com.tm\/?p=115753","title":{"rendered":"T\u00fcrkmenistan \u00abR\u00f6nesans Holding\u00bb t\u00fcrk kompani\u00fdasy bilen hyzmatda\u015flygy dowam etdir\u00fd\u00e4r"},"content":{"rendered":"<p>2-nji sent\u00fdabrda T\u00fcrkmenistany\u0148 Halk Maslahatyny\u0148 Ba\u015flygy Gurbanguly Berdimuhamedowy\u0148 \u00abR\u00f6nesans Holding\u00bb kompani\u00fdasyny\u0148 m\u00fcdiri\u00fdetini\u0148 ba\u015flygy Erman Ylyjak bilen du\u015fu\u015fygy ge\u00e7irildi.<br \/>\nI\u015few\u00fcr du\u015fu\u015fmaga d\u00f6redilen m\u00fcmkin\u00e7ilik \u00fc\u00e7in ho\u015fallygyny be\u00fdan edip, Berdimuhamet Anna\u00fdew adyndaky \u00dd\u00f6ritele\u015fdirilen harby mekdebi\u0148 t\u00e4ze binalar toplumyny\u0148 gurlu\u015fygyny\u0148 \u00abR\u00f6nesans Holdinge\u00bb ynanylmagyny\u0148 bu kompani\u00fda \u00fc\u00e7in uly mertebedigini belledi.<br \/>\nBu toplumy\u0148 a\u00e7yly\u015f dabarasy \u00fda\u0148y \u00fdakynda T\u00fcrkmenistany\u0148 Prezidenti Serdar Berdimuhamedowy\u0148 gatna\u015fmagynda ge\u00e7irildi.<br \/>\nSo\u0148ra Erman Ylyjak T\u00fcrkmenistany\u0148 Halk Maslahatyny\u0148 Ba\u015flygyny Bilimler we talyp \u00fda\u015flar g\u00fcni bilen t\u00fc\u00fds \u00fd\u00fcrekden gutlady hem-de T\u00fcrki\u00fde Respublikasyny\u0148 Prezidenti Rejep Ta\u00fd\u00fdip Erdogany\u0148 T\u00fcrkmenistany\u0148 \u00fdolba\u015f\u00e7ylygyna m\u00e4hirli salamyny \u00fdetirdi.<br \/>\nT\u00fcrkmen halkyny\u0148 Milli Lideri ho\u015fni\u00fdetli s\u00f6zler \u00fc\u00e7in minnetdarlyk bildirdi hem-de T\u00fcrki\u00fd\u00e4ni\u0148 Prezidentine i\u0148 gowy arzuwlaryny be\u00fdan etdi.<br \/>\n\u015ee\u00fdle hem taraplar kompani\u00fdany\u0148 T\u00fcrkmenistandaky k\u00f6p\u00fdyllyk i\u015f tejribesini hasaba almak bilen, \u015f\u00e4her gurlu\u015fygy, nebit-gaz we himi\u00fda senagaty \u00fdaly pudaklarda h\u00e4zirki wagtdaky we geljekki taslamalary ara alyp maslahatla\u015fdylar.<br \/>\nI\u015few\u00fcr bildirilen uly ynam \u00fc\u00e7in sagbolsun a\u00fddyp, \u00fdolba\u015f\u00e7ylyk ed\u00fd\u00e4n kompani\u00fdasyny\u0148 \u00f6z \u00fcst\u00fcne alan \u015fertnamala\u00fdyn bor\u00e7namalaryny \u00fderine \u00fdetirmegi \u00fc\u00e7in \u00e4hli tagallalary etjekdigine ynandyrdy.<br \/>\nDu\u015fu\u015fygy\u0148 dowamynda \u015fu \u00fdyly\u0148 10-11-nji sent\u00fdabrynda A\u015fgabatda ge\u00e7iriljek T\u00fcrkmenistany\u0148 ma\u00fda go\u00fdum forumyny\u0148 \u00e4hmi\u00fdetine \u00fcns \u00e7ekildi.<\/p>\n","protected":false},"excerpt":{"rendered":"<p>2-nji sent\u00fdabrda T\u00fcrkmenistany\u0148 Halk Maslahatyny\u0148 Ba\u015flygy Gurbanguly Berdimuhamedowy\u0148 \u00abR\u00f6nesans Holding\u00bb kompani\u00fdasyny\u0148 m\u00fcdiri\u00fdetini\u0148 ba\u015flygy Erman Ylyjak bilen du\u015fu\u015fygy ge\u00e7irildi. I\u015few\u00fcr du\u015fu\u015fmaga d\u00f6redilen m\u00fcmkin\u00e7ilik \u00fc\u00e7in ho\u015fallygyny be\u00fdan edip, Berdimuhamet Anna\u00fdew adyndaky \u00dd\u00f6ritele\u015fdirilen harby mekdebi\u0148 t\u00e4ze binalar toplumyny\u0148 gurlu\u015fygyny\u0148 \u00abR\u00f6nesans Holdinge\u00bb ynanylmagyny\u0148 bu kompani\u00fda \u00fc\u00e7in uly mertebedigini belledi. Bu toplumy\u0148 a\u00e7yly\u015f dabarasy \u00fda\u0148y \u00fdakynda T\u00fcrkmenistany\u0148 Prezidenti Serdar Berdimuhamedowy\u0148 [&hellip;]<\/p>\n","protected":false},"author":2,"featured_media":115754,"comment_status":"open","ping_status":"closed","sticky":false,"template":"","format":"standard","meta":{"footnotes":""},"categories":[3],"tags":[],"acf":[],"_links":{"self":[{"href":"https:\/\/zamanturkmenistan.com.tm\/index.php?rest_route=\/wp\/v2\/posts\/115753"}],"collection":[{"href":"https:\/\/zamanturkmenistan.com.tm\/index.php?rest_route=\/wp\/v2\/posts"}],"about":[{"href":"https:\/\/zamanturkmenistan.com.tm\/index.php?rest_route=\/wp\/v2\/types\/post"}],"author":[{"embeddable":true,"href":"https:\/\/zamanturkmenistan.com.tm\/index.php?rest_route=\/wp\/v2\/users\/2"}],"replies":[{"embeddable":true,"href":"https:\/\/zamanturkmenistan.com.tm\/index.php?rest_route=%2Fwp%2Fv2%2Fcomments&post=115753"}],"version-history":[{"count":1,"href":"https:\/\/zamanturkmenistan.com.tm\/index.php?rest_route=\/wp\/v2\/posts\/115753\/revisions"}],"predecessor-version":[{"id":115755,"href":"https:\/\/zamanturkmenistan.com.tm\/index.php?rest_route=\/wp\/v2\/posts\/115753\/revisions\/115755"}],"wp:featuredmedia":[{"embeddable":true,"href":"https:\/\/zamanturkmenistan.com.tm\/index.php?rest_route=\/wp\/v2\/media\/115754"}],"wp:attachment":[{"href":"https:\/\/zamanturkmenistan.com.tm\/index.php?rest_route=%2Fwp%2Fv2%2Fmedia&parent=115753"}],"wp:term":[{"taxonomy":"category","embeddable":true,"href":"https:\/\/zamanturkmenistan.com.tm\/index.php?rest_route=%2Fwp%2Fv2%2Fcategories&post=115753"},{"taxonomy":"post_tag","embeddable":true,"href":"https:\/\/zamanturkmenistan.com.tm\/index.php?rest_route=%2Fwp%2Fv2%2Ftags&post=115753"}],"curies":[{"name":"wp","href":"https:\/\/api.w.org\/{rel}","templated":true}]}}