{"id":115793,"date":"2024-09-05T14:58:17","date_gmt":"2024-09-05T09:58:17","guid":{"rendered":"https:\/\/zamanturkmenistan.com.tm\/?p=115793"},"modified":"2024-09-05T14:58:17","modified_gmt":"2024-09-05T09:58:17","slug":"bmg-nin-ohchr-nin-merkezi-aziya-boyunca-sebitleyin-wekili-bilen-dususyk-gecirildi","status":"publish","type":"post","link":"https:\/\/zamanturkmenistan.com.tm\/?p=115793","title":{"rendered":"BMG-ni\u0148 OHCHR-ni\u0148 Merkezi Azi\u00fda bo\u00fdun\u00e7a sebitle\u00fdin wekili bilen du\u015fu\u015fyk ge\u00e7irildi"},"content":{"rendered":"<p>4-nji sent\u00fdabrda T\u00fcrkmenistany\u0148 Da\u015fary i\u015fler ministrini\u0148 orunbasary Ahmet Gurbanowy\u0148 BMG-ni\u0148 Adam hukuklary bo\u00fdun\u00e7a \u00fdokary komissaryny\u0148 Merkezi Azi\u00fda bo\u00fdun\u00e7a sebitle\u00fdin wekili Matilda Bogner bilen du\u015fu\u015fygy ge\u00e7irildi.<br \/>\nDu\u015fu\u015fygy\u0148 dowamynda taraplar T\u00fcrkmenistany\u0148 OHCHR bilen hyzmatda\u015flygyny mundan be\u00fdl\u00e4k hem \u00f6sd\u00fcrmek bo\u00fdun\u00e7a pikir aly\u015fdylar. \u015eunu\u0148 bilen baglylykda demokratik institutlary mundan be\u00fdl\u00e4k hem k\u00e4mille\u015fdirmek hem-de adam hukuklary babatynda bor\u00e7namalary netijeli \u00fderine \u00fdetirmek maksady bilen, T\u00fcrkmenistany\u0148 degi\u015fli halkara guramalary bilen alyp bar\u00fdan k\u00f6ptarapla\u00fdyn hyzmatda\u015flygy bellenildi.<br \/>\nT\u00fcrkmenistany\u0148 adam hukuklary babatda halkara bor\u00e7namalaryny\u0148 we halkara ynsanperwer hukugyny\u0148 \u00fderine \u00fdetirilmegini \u00fcpj\u00fcn etmek bo\u00fdun\u00e7a pudagara toparyny\u0148 i\u015fi bilen baglany\u015fykly meselelere garaldy.<br \/>\n\u015ee\u00fdle hem \u00abT\u00fcrkmenistany\u0148 adam hukuklary babatda 2021 \u2013 2025-nji \u00fdyllar \u00fc\u00e7in Hereketleri\u0148 milli me\u00fdilnamasyny\u00bb, \u00abT\u00fcrkmenistanda gender de\u0148ligi bo\u00fdun\u00e7a 2021 \u2013 2025-nji \u00fdyllar \u00fc\u00e7in Hereketleri\u0148 milli me\u00fdilnamasyny\u00bb, \u00abT\u00fcrkmenistanda \u00e7agalary\u0148 hukuklaryny durmu\u015fa ge\u00e7irmek bo\u00fdun\u00e7a 2023 \u2013 2028-nji \u00fdyllar \u00fc\u00e7in Hereketleri\u0148 milli me\u00fdilnamasyny\u00bb durmu\u015fa ge\u00e7irmek bo\u00fdun\u00e7a \u00f6\u0148de dur\u00fdan wezipeler ara alnyp maslahatla\u015fyldy.<br \/>\nDu\u015fu\u015fyga gatna\u015fyjylar Zenanlara gar\u015fy kemsitmeleri\u0148 \u00e4hli g\u00f6rn\u00fc\u015flerini \u00fdok etmek hakynda komitetini\u0148, \u00c7aga hukuklary baradaky komitetini\u0148 \u00e7\u00e4klerinde ge\u00e7iril\u00fd\u00e4n geple\u015fikleri\u0148 netijelerini ara alyp maslahatla\u015fdylar we olary\u0148 jemleri bo\u00fdun\u00e7a h\u00f6d\u00fcrlenen teklipleri durmu\u015fa ge\u00e7irmek bo\u00fdun\u00e7a ulgamla\u00fdyn esasda hyzmatda\u015flyk etm\u00e4ge ta\u00fd\u00fdarlyk be\u00fd\u00e4n edildi.<br \/>\nS\u00f6hbetde\u015fler BMG bilen \u00abAdam hukuklary ulgamynda bilimler\u00bb ugry bo\u00fdun\u00e7a hyzmatda\u015flygy gi\u0148eltm\u00e4ge gyzyklanma bildirdiler.<\/p>\n","protected":false},"excerpt":{"rendered":"<p>4-nji sent\u00fdabrda T\u00fcrkmenistany\u0148 Da\u015fary i\u015fler ministrini\u0148 orunbasary Ahmet Gurbanowy\u0148 BMG-ni\u0148 Adam hukuklary bo\u00fdun\u00e7a \u00fdokary komissaryny\u0148 Merkezi Azi\u00fda bo\u00fdun\u00e7a sebitle\u00fdin wekili Matilda Bogner bilen du\u015fu\u015fygy ge\u00e7irildi. Du\u015fu\u015fygy\u0148 dowamynda taraplar T\u00fcrkmenistany\u0148 OHCHR bilen hyzmatda\u015flygyny mundan be\u00fdl\u00e4k hem \u00f6sd\u00fcrmek bo\u00fdun\u00e7a pikir aly\u015fdylar. \u015eunu\u0148 bilen baglylykda demokratik institutlary mundan be\u00fdl\u00e4k hem k\u00e4mille\u015fdirmek hem-de adam hukuklary babatynda bor\u00e7namalary netijeli \u00fderine [&hellip;]<\/p>\n","protected":false},"author":2,"featured_media":115794,"comment_status":"open","ping_status":"closed","sticky":false,"template":"","format":"standard","meta":{"footnotes":""},"categories":[3],"tags":[],"acf":[],"_links":{"self":[{"href":"https:\/\/zamanturkmenistan.com.tm\/index.php?rest_route=\/wp\/v2\/posts\/115793"}],"collection":[{"href":"https:\/\/zamanturkmenistan.com.tm\/index.php?rest_route=\/wp\/v2\/posts"}],"about":[{"href":"https:\/\/zamanturkmenistan.com.tm\/index.php?rest_route=\/wp\/v2\/types\/post"}],"author":[{"embeddable":true,"href":"https:\/\/zamanturkmenistan.com.tm\/index.php?rest_route=\/wp\/v2\/users\/2"}],"replies":[{"embeddable":true,"href":"https:\/\/zamanturkmenistan.com.tm\/index.php?rest_route=%2Fwp%2Fv2%2Fcomments&post=115793"}],"version-history":[{"count":1,"href":"https:\/\/zamanturkmenistan.com.tm\/index.php?rest_route=\/wp\/v2\/posts\/115793\/revisions"}],"predecessor-version":[{"id":115795,"href":"https:\/\/zamanturkmenistan.com.tm\/index.php?rest_route=\/wp\/v2\/posts\/115793\/revisions\/115795"}],"wp:featuredmedia":[{"embeddable":true,"href":"https:\/\/zamanturkmenistan.com.tm\/index.php?rest_route=\/wp\/v2\/media\/115794"}],"wp:attachment":[{"href":"https:\/\/zamanturkmenistan.com.tm\/index.php?rest_route=%2Fwp%2Fv2%2Fmedia&parent=115793"}],"wp:term":[{"taxonomy":"category","embeddable":true,"href":"https:\/\/zamanturkmenistan.com.tm\/index.php?rest_route=%2Fwp%2Fv2%2Fcategories&post=115793"},{"taxonomy":"post_tag","embeddable":true,"href":"https:\/\/zamanturkmenistan.com.tm\/index.php?rest_route=%2Fwp%2Fv2%2Ftags&post=115793"}],"curies":[{"name":"wp","href":"https:\/\/api.w.org\/{rel}","templated":true}]}}