{"id":115796,"date":"2024-09-05T15:00:23","date_gmt":"2024-09-05T10:00:23","guid":{"rendered":"https:\/\/zamanturkmenistan.com.tm\/?p=115796"},"modified":"2024-09-05T15:16:40","modified_gmt":"2024-09-05T10:16:40","slug":"stokgolmda-turkmen-swed-hyzmatdaslygy-ara-alnyp-maslahatlasyldy","status":"publish","type":"post","link":"https:\/\/zamanturkmenistan.com.tm\/?p=115796","title":{"rendered":"Stokgolmda t\u00fcrkmen-\u015fwed hyzmatda\u015flygy ara alnyp maslahatla\u015fyldy"},"content":{"rendered":"<p>3-nji sent\u00fdabrda Stokgolmda t\u00fcrkmen-\u015fwed sy\u00fdasy ge\u0148e\u015fmeleri ge\u00e7irildi. T\u00fcrkmen tarapyna T\u00fcrkmenistany\u0148 Da\u015fary i\u015fler ministrini\u0148 orunbasary M\u00e4hri B\u00e4\u015fimowa, \u015fwed tarapyna \u2013 \u015ewesi\u00fda Paty\u015falygyny\u0148 Da\u015fary i\u015fler ministrligini\u0148 G\u00fcndogar \u00ddewropa we Merkezi Azi\u00fda bo\u00fdun\u00e7a departamentini\u0148 ba\u015flygy Tobias Tiberg \u00fdolba\u015f\u00e7ylyk etdi.<br \/>\nDa\u015fary i\u015fler ministrlikleri\u0148 arasyndaky ge\u0148e\u015fmeleri\u0148 dowamynda taraplar ikitarapla\u00fdyn gatna\u015fyklary\u0148 h\u00e4zirki \u00fdagda\u00fdyny we olary \u00f6sd\u00fcrmegi\u0148 m\u00fcmkin\u00e7iliklerini ara alyp maslahatla\u015fdylar.<br \/>\n\u015ee\u00fdle hem, parahat\u00e7ylygy we howpsuzlygy \u00fcpj\u00fcn etmek, terror\u00e7ylyga gar\u015fy g\u00f6re\u015fmek, ekologi\u00fda, ulag we energetika \u00fdaly \u00e4hlumumy we sebit g\u00fcn tertibine degi\u015fli meseleler bo\u00fdun\u00e7a pikir aly\u015fmalar boldy.<br \/>\nHalkara d\u00fcz\u00fcmleri\u0148, hususan-da BMG-ni\u0148, \u00ddHHG-ni\u0148 we \u00ddB-ni\u0148 \u00e7\u00e4klerinde i\u015fje\u0148 hyzmatda\u015flygy alyp barmagy\u0148 \u00e4hmi\u00fdeti hem nygtaldy.<br \/>\nT\u00fcrkmen tarapy \u015ewesi\u00fdany\u0148 wekili\u00fdetini T\u00fcrkmenistan tarapyndan gural\u00fdan d\u00fcrli \u00e7\u00e4relere gatna\u015fmaga \u00e7agyrdy we \u00fdokary derejed\u00e4ki du\u015fu\u015fyklary guramak \u00fc\u00e7in halkara me\u00fddan\u00e7alary ulanmagy teklip etdi.<br \/>\nTaraplar \u00ddewropa Bilele\u015figini\u0148 \u00abGlobal Gateway\u00bb ba\u015flangyjyny\u0148 \u00e7\u00e4klerinde \u00f6zara gatna\u015fyklary \u00f6sd\u00fcrmegi\u0148 we hyzmatda\u015flygy\u0148 t\u00e4ze formatlaryny \u00f6wrenmegi\u0148 wajypdygy barada ylala\u015fdylar.<br \/>\n\u015eol g\u00fcn t\u00fcrkmen wekili\u00fdeti \u015ewesi\u00fda Paty\u015falygyny\u0148 Riksdagynda (Parlamentinde) Merkezi Azi\u00fda \u00fdurtlary bilen dostluk toparyny\u0148 ba\u015flygy, \u00ddHHG-ni\u0148 Parlament Assamble\u00fdasyndaky \u015fwed wekili\u00fdetini\u0148 \u00fdolba\u015f\u00e7ysy B\u00fdorn S\u00fdoder bilen du\u015fu\u015fdy.<br \/>\nDu\u015fu\u015fygy\u0148 dowamynda taraplar T\u00fcrkmenistan bilen \u015ewesi\u00fdany\u0148 arasynda parlamentara hyzmatda\u015flygy \u00f6sd\u00fcrm\u00e4ge \u00f6zara ta\u00fd\u00fdardyklaryny bellediler. Bu babatda \u015fu \u00fdyly\u0148 okt\u00fdabr a\u00fdynda iki \u00fdurdu\u0148 Dostluk toparyny\u0148 arasynda onla\u00fdn du\u015fu\u015fygy ge\u00e7irmek barada ylala\u015fyk gazanyldy.<br \/>\nMedeni\u00fdet we bilim ulgamlarynda hyzmatda\u015flygy \u00f6sd\u00fcrmek barada hem pikir al\u015fyldy. Taraplar iki \u00fdurtda birek-biregi\u0148 medeni\u00fdet g\u00fcnlerini guramagy\u0148 m\u00fcmkin\u00e7iliklerini \u00f6wrenmek barada ylala\u015fdylar.<\/p>\n","protected":false},"excerpt":{"rendered":"<p>3-nji sent\u00fdabrda Stokgolmda t\u00fcrkmen-\u015fwed sy\u00fdasy ge\u0148e\u015fmeleri ge\u00e7irildi. T\u00fcrkmen tarapyna T\u00fcrkmenistany\u0148 Da\u015fary i\u015fler ministrini\u0148 orunbasary M\u00e4hri B\u00e4\u015fimowa, \u015fwed tarapyna \u2013 \u015ewesi\u00fda Paty\u015falygyny\u0148 Da\u015fary i\u015fler ministrligini\u0148 G\u00fcndogar \u00ddewropa we Merkezi Azi\u00fda bo\u00fdun\u00e7a departamentini\u0148 ba\u015flygy Tobias Tiberg \u00fdolba\u015f\u00e7ylyk etdi. Da\u015fary i\u015fler ministrlikleri\u0148 arasyndaky ge\u0148e\u015fmeleri\u0148 dowamynda taraplar ikitarapla\u00fdyn gatna\u015fyklary\u0148 h\u00e4zirki \u00fdagda\u00fdyny we olary \u00f6sd\u00fcrmegi\u0148 m\u00fcmkin\u00e7iliklerini ara alyp maslahatla\u015fdylar. \u015ee\u00fdle [&hellip;]<\/p>\n","protected":false},"author":2,"featured_media":115799,"comment_status":"open","ping_status":"closed","sticky":false,"template":"","format":"standard","meta":{"footnotes":""},"categories":[3],"tags":[],"acf":[],"_links":{"self":[{"href":"https:\/\/zamanturkmenistan.com.tm\/index.php?rest_route=\/wp\/v2\/posts\/115796"}],"collection":[{"href":"https:\/\/zamanturkmenistan.com.tm\/index.php?rest_route=\/wp\/v2\/posts"}],"about":[{"href":"https:\/\/zamanturkmenistan.com.tm\/index.php?rest_route=\/wp\/v2\/types\/post"}],"author":[{"embeddable":true,"href":"https:\/\/zamanturkmenistan.com.tm\/index.php?rest_route=\/wp\/v2\/users\/2"}],"replies":[{"embeddable":true,"href":"https:\/\/zamanturkmenistan.com.tm\/index.php?rest_route=%2Fwp%2Fv2%2Fcomments&post=115796"}],"version-history":[{"count":1,"href":"https:\/\/zamanturkmenistan.com.tm\/index.php?rest_route=\/wp\/v2\/posts\/115796\/revisions"}],"predecessor-version":[{"id":115798,"href":"https:\/\/zamanturkmenistan.com.tm\/index.php?rest_route=\/wp\/v2\/posts\/115796\/revisions\/115798"}],"wp:featuredmedia":[{"embeddable":true,"href":"https:\/\/zamanturkmenistan.com.tm\/index.php?rest_route=\/wp\/v2\/media\/115799"}],"wp:attachment":[{"href":"https:\/\/zamanturkmenistan.com.tm\/index.php?rest_route=%2Fwp%2Fv2%2Fmedia&parent=115796"}],"wp:term":[{"taxonomy":"category","embeddable":true,"href":"https:\/\/zamanturkmenistan.com.tm\/index.php?rest_route=%2Fwp%2Fv2%2Fcategories&post=115796"},{"taxonomy":"post_tag","embeddable":true,"href":"https:\/\/zamanturkmenistan.com.tm\/index.php?rest_route=%2Fwp%2Fv2%2Ftags&post=115796"}],"curies":[{"name":"wp","href":"https:\/\/api.w.org\/{rel}","templated":true}]}}