{"id":115803,"date":"2024-09-05T15:22:31","date_gmt":"2024-09-05T10:22:31","guid":{"rendered":"https:\/\/zamanturkmenistan.com.tm\/?p=115803"},"modified":"2024-09-05T15:22:31","modified_gmt":"2024-09-05T10:22:31","slug":"ena-tagzym-mukaddeslige-tagzym-atly-kitabyn-pars-dilindaki-nesirinin-tanysdyrylys-dabarasy-gecirildi","status":"publish","type":"post","link":"https:\/\/zamanturkmenistan.com.tm\/?p=115803","title":{"rendered":"\u00abEn\u00e4 tagzym \u2013 mukaddeslige tagzym\u00bb atly kitaby\u0148 pars dilind\u00e4ki ne\u015firini\u0148 tany\u015fdyryly\u015f dabarasy ge\u00e7irildi"},"content":{"rendered":"<p>T\u00fcrkmenistany\u0148 Da\u015fary i\u015fler ministrligini\u0148 Halkara gatna\u015fyklary institutynda t\u00fcrkmen halkyny\u0148 Milli Lideri, T\u00fcrkmenistany\u0148 Halk Maslahatyny\u0148 Ba\u015flygy Gurbanguly Berdimuhamedowy\u0148 \u00abEn\u00e4 tagzym \u2013 mukaddeslige tagzym\u00bb atly kitabynyny\u0148 pars dilind\u00e4ki ne\u015firini\u0148 tany\u015fdyryly\u015f dabarasy ge\u00e7irildi.<br \/>\n\u00c7\u00e4r\u00e4 T\u00fcrkmenistany\u0148 Mejlisini\u0148 Ba\u015flygy, T\u00fcrkmenistany\u0148 Ministrler Kabinetini\u0148 Ba\u015flygyny\u0148 degi\u015fli orunbasarlary, Arkadag \u015f\u00e4herini\u0148 h\u00e4kimi, ministrlikleri\u0148 we pudakla\u00fdyn dolandyry\u015f edaralaryny\u0148 \u00fdolba\u015f\u00e7ylary we wekilleri, E\u00fdran Yslam Respublikasyny\u0148 T\u00fcrkmenistandaky Il\u00e7isi we Il\u00e7ihanany\u0148 wekilleri, ylym, medeni\u00fdet we sungat i\u015fg\u00e4rleri, jemgy\u00fdet\u00e7ilik guramalaryny\u0148 \u00fdolba\u015f\u00e7ylary we wekilleri, \u00fdokary okuw mekdeplerini\u0148 rektorlary, professor-mugallymlary we talyplary, \u015fe\u00fdle-de KHBS-i\u0148 wekilleri gatna\u015fdylar.<br \/>\n\u00c7yky\u015f edenler t\u00fcrkmen halkyny\u0148 Milli Liderini\u0148 \u00abEn\u00e4 tagzym \u2013 mukaddeslige tagzym\u00bb kitabynda her bir ynsan \u00fc\u00e7in en\u00e4ni\u0148 mukaddesligi, Watan, \u00f6\u00fd-ojak, ma\u015fgala, ene-ata bilen \u00e7agalary\u0148 arasyndaky gatna\u015fyklary\u0148 esaslary \u00fdaly mizemez gymmatlyklar be\u00fdan edil\u00fd\u00e4r. Bu aja\u00fdyp kitapda t\u00fcrkmen halkyny\u0148 en\u00e4 mukaddeslik h\u00f6km\u00fcnde sarpa go\u00fdmak \u00fdaly milli h\u00e4si\u00fdetinde asyrlardan b\u00e4ri kemala gelen asylly \u00fd\u00f6relgeleri\u0148 t\u00e4ze e\u00fd\u00fdamda dowamata e\u00fde bol\u00fdandygy tassyklan\u00fdar. En\u00e4 hormat go\u00fdmak we bu be\u00fdik ynsana tagzym etmek \u00e4hli halklara mahsus bolup, kitaby\u0148 pars dilind\u00e4ki terjimesi bolsa, t\u00fcrkmen halkyna, onu\u0148 milli d\u00e4plerine uly hormat-sarpany\u0148 a\u00fddy\u0148 g\u00fcw\u00e4manasy bolup \u00e7yky\u015f ed\u00fd\u00e4r.<br \/>\nTany\u015fdyry\u015f dabarasynda \u00e7yky\u015f eden E\u00fdran Yslam Respublikasyny\u0148 T\u00fcrkmenistandaky Adatdan da\u015fary we Doly ygty\u00fdarly Il\u00e7isi Ali Mojtaba Ruzbehani kitaby\u0148 pars dilind\u00e4ki ne\u015firini\u0148 \u00e4hmi\u00fdetini a\u00fdratyn belledi. M\u00e4lim bol\u015fy \u00fdaly, \u015fu \u00fdyly\u0148 awgust a\u00fdynda T\u00fcrkmenistany\u0148 Halk Maslahatyny\u0148 Ba\u015flygyny\u0148 E\u00fdran Yslam Respublikasyna amala a\u015fyran i\u015f saparyny\u0148 \u00e7\u00e4klerinde Prezident Masud Peze\u015fkian T\u00fcrkmen halkyny\u0148 Milli Lideri Gurbanguly Berdimuhamedowa pars diline terjime edilen \u00abEn\u00e4 tagzym \u2013 mukaddeslige tagzym\u00bb atly kitaby sowgat berdi.<br \/>\n\u00c7yky\u015flarda bellenili\u015fi \u00fdaly, Gurbanguly Berdimuhamedowy\u0148 \u00abEn\u00e4 tagzym \u2013 mukaddeslige tagzym\u00bb atly kitabyny\u0148 pars dilinde ne\u015fir edilmegi t\u00fcrkmen-e\u00fdran dostlugyny\u0148 \u00fdene bir subutnamasyna \u00f6wr\u00fclip, netijeli ikitarapla\u00fdyn medeni-ynsanperwer gatna\u015fyklary berkitm\u00e4ge hyzmat eder. \u015ee\u00fdle-de, pars dilind\u00e4ki bu ne\u015fir gi\u0148 okyjylar k\u00f6p\u00e7\u00fcligine t\u00fcrkmen halkyny\u0148 Milli Liderini\u0148 kitaby bilen gi\u0148den tany\u015fmaga m\u00fcmkin\u00e7ilik d\u00f6reder.<br \/>\nTany\u015fdyry\u015f dabarasyny\u0148 dowamynda ene hakyndaky edebi, a\u00fddym-saz \u00e7yky\u015flaryna hem orun berildi. Instituty\u0148 fo\u00fdesinde guralan sergide amaly-ha\u015fam sungatyny\u0148 aja\u00fdyp nusgalary \u2013 haly \u00f6n\u00fcmleri, milli \u015fa\u00fd-sepler we keramika g\u00f6rkezildi.<br \/>\n\u00c7\u00e4r\u00e4ni\u0148 ahyrynda o\u0148a gatna\u015fyjylar T\u00fcrkmenistany\u0148 Prezidenti Serdar Berdimuhamedowy\u0148 we t\u00fcrkmen halkyny\u0148 Milli Lideri, T\u00fcrkmenistany\u0148 Halk Maslahatyny\u0148 Ba\u015flygy Gurbanguly Berdimuhamedowy\u0148 adyna \u00dd\u00fczlenme kabul etdiler.<\/p>\n","protected":false},"excerpt":{"rendered":"<p>T\u00fcrkmenistany\u0148 Da\u015fary i\u015fler ministrligini\u0148 Halkara gatna\u015fyklary institutynda t\u00fcrkmen halkyny\u0148 Milli Lideri, T\u00fcrkmenistany\u0148 Halk Maslahatyny\u0148 Ba\u015flygy Gurbanguly Berdimuhamedowy\u0148 \u00abEn\u00e4 tagzym \u2013 mukaddeslige tagzym\u00bb atly kitabynyny\u0148 pars dilind\u00e4ki ne\u015firini\u0148 tany\u015fdyryly\u015f dabarasy ge\u00e7irildi. \u00c7\u00e4r\u00e4 T\u00fcrkmenistany\u0148 Mejlisini\u0148 Ba\u015flygy, T\u00fcrkmenistany\u0148 Ministrler Kabinetini\u0148 Ba\u015flygyny\u0148 degi\u015fli orunbasarlary, Arkadag \u015f\u00e4herini\u0148 h\u00e4kimi, ministrlikleri\u0148 we pudakla\u00fdyn dolandyry\u015f edaralaryny\u0148 \u00fdolba\u015f\u00e7ylary we wekilleri, E\u00fdran Yslam Respublikasyny\u0148 T\u00fcrkmenistandaky [&hellip;]<\/p>\n","protected":false},"author":2,"featured_media":115804,"comment_status":"open","ping_status":"closed","sticky":false,"template":"","format":"standard","meta":{"footnotes":""},"categories":[3],"tags":[],"acf":[],"_links":{"self":[{"href":"https:\/\/zamanturkmenistan.com.tm\/index.php?rest_route=\/wp\/v2\/posts\/115803"}],"collection":[{"href":"https:\/\/zamanturkmenistan.com.tm\/index.php?rest_route=\/wp\/v2\/posts"}],"about":[{"href":"https:\/\/zamanturkmenistan.com.tm\/index.php?rest_route=\/wp\/v2\/types\/post"}],"author":[{"embeddable":true,"href":"https:\/\/zamanturkmenistan.com.tm\/index.php?rest_route=\/wp\/v2\/users\/2"}],"replies":[{"embeddable":true,"href":"https:\/\/zamanturkmenistan.com.tm\/index.php?rest_route=%2Fwp%2Fv2%2Fcomments&post=115803"}],"version-history":[{"count":1,"href":"https:\/\/zamanturkmenistan.com.tm\/index.php?rest_route=\/wp\/v2\/posts\/115803\/revisions"}],"predecessor-version":[{"id":115805,"href":"https:\/\/zamanturkmenistan.com.tm\/index.php?rest_route=\/wp\/v2\/posts\/115803\/revisions\/115805"}],"wp:featuredmedia":[{"embeddable":true,"href":"https:\/\/zamanturkmenistan.com.tm\/index.php?rest_route=\/wp\/v2\/media\/115804"}],"wp:attachment":[{"href":"https:\/\/zamanturkmenistan.com.tm\/index.php?rest_route=%2Fwp%2Fv2%2Fmedia&parent=115803"}],"wp:term":[{"taxonomy":"category","embeddable":true,"href":"https:\/\/zamanturkmenistan.com.tm\/index.php?rest_route=%2Fwp%2Fv2%2Fcategories&post=115803"},{"taxonomy":"post_tag","embeddable":true,"href":"https:\/\/zamanturkmenistan.com.tm\/index.php?rest_route=%2Fwp%2Fv2%2Ftags&post=115803"}],"curies":[{"name":"wp","href":"https:\/\/api.w.org\/{rel}","templated":true}]}}