{"id":115852,"date":"2024-09-06T10:41:42","date_gmt":"2024-09-06T05:41:42","guid":{"rendered":"https:\/\/zamanturkmenistan.com.tm\/?p=115852"},"modified":"2024-09-06T10:41:42","modified_gmt":"2024-09-06T05:41:42","slug":"arkadag-saheri-world-smart-city-expo-2024-halkara-sergisinde-uc-bayraga-mynasyp-boldy","status":"publish","type":"post","link":"https:\/\/zamanturkmenistan.com.tm\/?p=115852","title":{"rendered":"Arkadag \u015f\u00e4heri \u00abWorld Smart City Expo 2024\u00bb halkara sergisinde \u00fc\u00e7 ba\u00fdraga mynasyp boldy"},"content":{"rendered":"<p>4-nji sent\u00fdabrda Arkadag \u00abakylly\u00bb \u015f\u00e4heri Kore\u00fda Respublikasyny\u0148 Go\u00fdang \u015f\u00e4herinde ge\u00e7iril\u00fd\u00e4n \u00abWorld Smart City Expo 2024\u00bb atly \u00abakylly\u00bb \u015f\u00e4herleri\u0148 halkara sergisini\u0148 ba\u00fdrak gow\u015fury\u015f dabarasynda \u00fc\u00e7 sany ba\u00fdraga mynasyp boldy.<br \/>\nBa\u00fdraklar serg\u00e4 gatna\u015fyjylary\u0148 arasynda a\u00fdry ugurlar bo\u00fdun\u00e7a has tapawutlanan \u015f\u00e4herlere hem-de kompani\u00fdalara gow\u015furyldy. Arkadag \u00abakylly\u00bb \u015f\u00e4herine bu dabara gatna\u015fyjylary\u0148 arasynda ilkinji bolup ba\u00fdraklary\u0148 gow\u015furylandygyny a\u00fdratyn bellemek gerek.<br \/>\n\u015eunu\u0148 bilen baglylykda, t\u00fcrkmen tarapy \u015fu a\u015fakdaky \u00fc\u00e7 ba\u00fdrak bilen sylaglandy:<br \/>\n\u2013 I\u0148 tapawutlanan \u00abakylly\u00bb \u015f\u00e4her (Smart City Excellence Award);<br \/>\n\u2013 Da\u015fary \u00fdurt \u00abakylly\u00bb \u015f\u00e4heri (Foreign city award);<br \/>\n\u2013 \u00abWorld Smart City Expo 2024\u00bb halkara sergisine go\u015fan uly go\u015fandy \u00fc\u00e7in (WSCE 2024 Contribution Award)<br \/>\nBa\u00fdrak gow\u015furyly\u015f dabarasynda t\u00fcrkmen wekili\u00fdetini\u0148 \u00fdolba\u015f\u00e7ysy, T\u00fcrkmenistany\u0148 Prezidentini\u0148 \u00fdanyndaky Arkadag \u015f\u00e4herini\u0148 gurlu\u015fygy bo\u00fdun\u00e7a d\u00f6wlet komitetini\u0148 ba\u015flygy D.Orazow ho\u015fallyk s\u00f6zi bilen \u00e7yky\u015f etdi. Ol hususan-da kore\u00fd tarapyny\u0148 bu \u00e7\u00e4r\u00e4ni \u00fdokary gurama\u00e7ylykly derejede ge\u00e7irendigini bell\u00e4p, onda h\u00e4zirki d\u00f6wr\u00fc\u0148 talaplaryna la\u00fdyk gel\u00fd\u00e4n akylly \u015f\u00e4herleri\u0148 tehnologi\u00fdalaryny\u0148 we ulgamlaryny\u0148 g\u00f6rkezilendigini a\u00fddyp ge\u00e7di.<br \/>\n\u015ee\u00fdle hem bu berlen sylaglary\u0148 Gahryman Arkadagymyzy\u0148 hem-de hormatly Prezidentimizi\u0148 ba\u015ftutanlygynda Gara\u015fsyz, hemi\u015felik Bitarap T\u00fcrkmenistanda \u015f\u00e4her gurlu\u015fyk-binag\u00e4rlik babatda alnyp baryl\u00fdan i\u015fleri\u0148 belent sepgitlere \u00fdetendigini\u0148 ykrarnamasydygy nygtalyp ge\u00e7ildi.<\/p>\n","protected":false},"excerpt":{"rendered":"<p>4-nji sent\u00fdabrda Arkadag \u00abakylly\u00bb \u015f\u00e4heri Kore\u00fda Respublikasyny\u0148 Go\u00fdang \u015f\u00e4herinde ge\u00e7iril\u00fd\u00e4n \u00abWorld Smart City Expo 2024\u00bb atly \u00abakylly\u00bb \u015f\u00e4herleri\u0148 halkara sergisini\u0148 ba\u00fdrak gow\u015fury\u015f dabarasynda \u00fc\u00e7 sany ba\u00fdraga mynasyp boldy. Ba\u00fdraklar serg\u00e4 gatna\u015fyjylary\u0148 arasynda a\u00fdry ugurlar bo\u00fdun\u00e7a has tapawutlanan \u015f\u00e4herlere hem-de kompani\u00fdalara gow\u015furyldy. Arkadag \u00abakylly\u00bb \u015f\u00e4herine bu dabara gatna\u015fyjylary\u0148 arasynda ilkinji bolup ba\u00fdraklary\u0148 gow\u015furylandygyny a\u00fdratyn bellemek gerek. [&hellip;]<\/p>\n","protected":false},"author":2,"featured_media":115853,"comment_status":"open","ping_status":"closed","sticky":false,"template":"","format":"standard","meta":{"footnotes":""},"categories":[3],"tags":[],"acf":[],"_links":{"self":[{"href":"https:\/\/zamanturkmenistan.com.tm\/index.php?rest_route=\/wp\/v2\/posts\/115852"}],"collection":[{"href":"https:\/\/zamanturkmenistan.com.tm\/index.php?rest_route=\/wp\/v2\/posts"}],"about":[{"href":"https:\/\/zamanturkmenistan.com.tm\/index.php?rest_route=\/wp\/v2\/types\/post"}],"author":[{"embeddable":true,"href":"https:\/\/zamanturkmenistan.com.tm\/index.php?rest_route=\/wp\/v2\/users\/2"}],"replies":[{"embeddable":true,"href":"https:\/\/zamanturkmenistan.com.tm\/index.php?rest_route=%2Fwp%2Fv2%2Fcomments&post=115852"}],"version-history":[{"count":1,"href":"https:\/\/zamanturkmenistan.com.tm\/index.php?rest_route=\/wp\/v2\/posts\/115852\/revisions"}],"predecessor-version":[{"id":115854,"href":"https:\/\/zamanturkmenistan.com.tm\/index.php?rest_route=\/wp\/v2\/posts\/115852\/revisions\/115854"}],"wp:featuredmedia":[{"embeddable":true,"href":"https:\/\/zamanturkmenistan.com.tm\/index.php?rest_route=\/wp\/v2\/media\/115853"}],"wp:attachment":[{"href":"https:\/\/zamanturkmenistan.com.tm\/index.php?rest_route=%2Fwp%2Fv2%2Fmedia&parent=115852"}],"wp:term":[{"taxonomy":"category","embeddable":true,"href":"https:\/\/zamanturkmenistan.com.tm\/index.php?rest_route=%2Fwp%2Fv2%2Fcategories&post=115852"},{"taxonomy":"post_tag","embeddable":true,"href":"https:\/\/zamanturkmenistan.com.tm\/index.php?rest_route=%2Fwp%2Fv2%2Ftags&post=115852"}],"curies":[{"name":"wp","href":"https:\/\/api.w.org\/{rel}","templated":true}]}}