{"id":116120,"date":"2024-09-10T12:59:27","date_gmt":"2024-09-10T07:59:27","guid":{"rendered":"https:\/\/zamanturkmenistan.com.tm\/?p=116120"},"modified":"2024-09-10T12:59:27","modified_gmt":"2024-09-10T07:59:27","slug":"turkmen-britan-hyzmatdaslygynyn-mohum-meseleleri-ara-alnyp-maslahatlasyldy","status":"publish","type":"post","link":"https:\/\/zamanturkmenistan.com.tm\/?p=116120","title":{"rendered":"T\u00fcrkmen-britan hyzmatda\u015flygyny\u0148 m\u00f6h\u00fcm meseleleri ara alnyp maslahatla\u015fyldy"},"content":{"rendered":"<p>9-njy sent\u00fdabrda T\u00fcrkmenistany\u0148 Da\u015fary i\u015fler ministrliginde T\u00fcrkmenistany\u0148 Da\u015fary i\u015fler ministrini\u0148 orunbasary M\u00e4hri B\u00e4\u015fimowany\u0148 \u00abTIF-2024\u00bb halkara ma\u00fda go\u00fdum forumyna gatna\u015fmak maksady bilen T\u00fcrkmenistana gelen Be\u00fdik Britani\u00fdany\u0148 Da\u015fary i\u015fler, Arkala\u015fygy\u0148 i\u015fleri we \u00f6s\u00fc\u015f ministrligini\u0148 Sebitle\u00fdin \u00f6s\u00fc\u015f bo\u00fdun\u00e7a direktory Sara Kuper bilen du\u015fu\u015fygy ge\u00e7irildi.<br \/>\nDu\u015fu\u015fygy\u0148 dowamynda taraplar iki \u00fdurdu\u0148 arasyndaky sy\u00fdasy-diplomatik, s\u00f6wda-ykdysady we medeni-ynsanperwer ugurlar bo\u00fdun\u00e7a i\u015fje\u0148 hyzmatda\u015flygy ara alyp maslahatla\u015fdylar. \u015eol bir wagty\u0148 \u00f6z\u00fcnde, howany\u0148 \u00fc\u00fdtgemegi, \u00fda\u015fyl tehnologi\u00fdalar, hususy teleke\u00e7iligi \u00f6sd\u00fcrmek we T\u00fcrkmenistanda i\u0148lis dilini \u00f6wretmek babatynda ikitarapla\u00fdyn hyzmatda\u015flygy gi\u0148eltmegi\u0148 geljegine a\u00fdratyn \u00fcns berildi.<\/p>\n","protected":false},"excerpt":{"rendered":"<p>9-njy sent\u00fdabrda T\u00fcrkmenistany\u0148 Da\u015fary i\u015fler ministrliginde T\u00fcrkmenistany\u0148 Da\u015fary i\u015fler ministrini\u0148 orunbasary M\u00e4hri B\u00e4\u015fimowany\u0148 \u00abTIF-2024\u00bb halkara ma\u00fda go\u00fdum forumyna gatna\u015fmak maksady bilen T\u00fcrkmenistana gelen Be\u00fdik Britani\u00fdany\u0148 Da\u015fary i\u015fler, Arkala\u015fygy\u0148 i\u015fleri we \u00f6s\u00fc\u015f ministrligini\u0148 Sebitle\u00fdin \u00f6s\u00fc\u015f bo\u00fdun\u00e7a direktory Sara Kuper bilen du\u015fu\u015fygy ge\u00e7irildi. Du\u015fu\u015fygy\u0148 dowamynda taraplar iki \u00fdurdu\u0148 arasyndaky sy\u00fdasy-diplomatik, s\u00f6wda-ykdysady we medeni-ynsanperwer ugurlar bo\u00fdun\u00e7a i\u015fje\u0148 hyzmatda\u015flygy [&hellip;]<\/p>\n","protected":false},"author":2,"featured_media":116121,"comment_status":"open","ping_status":"closed","sticky":false,"template":"","format":"standard","meta":{"footnotes":""},"categories":[3],"tags":[],"acf":[],"_links":{"self":[{"href":"https:\/\/zamanturkmenistan.com.tm\/index.php?rest_route=\/wp\/v2\/posts\/116120"}],"collection":[{"href":"https:\/\/zamanturkmenistan.com.tm\/index.php?rest_route=\/wp\/v2\/posts"}],"about":[{"href":"https:\/\/zamanturkmenistan.com.tm\/index.php?rest_route=\/wp\/v2\/types\/post"}],"author":[{"embeddable":true,"href":"https:\/\/zamanturkmenistan.com.tm\/index.php?rest_route=\/wp\/v2\/users\/2"}],"replies":[{"embeddable":true,"href":"https:\/\/zamanturkmenistan.com.tm\/index.php?rest_route=%2Fwp%2Fv2%2Fcomments&post=116120"}],"version-history":[{"count":1,"href":"https:\/\/zamanturkmenistan.com.tm\/index.php?rest_route=\/wp\/v2\/posts\/116120\/revisions"}],"predecessor-version":[{"id":116122,"href":"https:\/\/zamanturkmenistan.com.tm\/index.php?rest_route=\/wp\/v2\/posts\/116120\/revisions\/116122"}],"wp:featuredmedia":[{"embeddable":true,"href":"https:\/\/zamanturkmenistan.com.tm\/index.php?rest_route=\/wp\/v2\/media\/116121"}],"wp:attachment":[{"href":"https:\/\/zamanturkmenistan.com.tm\/index.php?rest_route=%2Fwp%2Fv2%2Fmedia&parent=116120"}],"wp:term":[{"taxonomy":"category","embeddable":true,"href":"https:\/\/zamanturkmenistan.com.tm\/index.php?rest_route=%2Fwp%2Fv2%2Fcategories&post=116120"},{"taxonomy":"post_tag","embeddable":true,"href":"https:\/\/zamanturkmenistan.com.tm\/index.php?rest_route=%2Fwp%2Fv2%2Ftags&post=116120"}],"curies":[{"name":"wp","href":"https:\/\/api.w.org\/{rel}","templated":true}]}}