{"id":116132,"date":"2024-09-10T15:14:31","date_gmt":"2024-09-10T10:14:31","guid":{"rendered":"https:\/\/zamanturkmenistan.com.tm\/?p=116132"},"modified":"2024-09-10T15:18:31","modified_gmt":"2024-09-10T10:18:31","slug":"indoneziyanyn-paytagty-taze-sahere-gocyar","status":"publish","type":"post","link":"https:\/\/zamanturkmenistan.com.tm\/?p=116132","title":{"rendered":"Indonezi\u00fdany\u0148 pa\u00fdtagty t\u00e4ze \u015f\u00e4here g\u00f6\u00e7\u00fd\u00e4r"},"content":{"rendered":"<p>Indonezi\u00fdany\u0148 Prezidenti Joko Widodo 10-njy sent\u00fdabrdan \u00f6z wezipe bor\u00e7laryny \u00fdurdu\u0148 t\u00e4ze pa\u00fdtagty Nusantaradan alyp barar. Bu barada \u00fdurdu\u0148 metbugatynda habar beril\u00fd\u00e4r.<br \/>\nT\u00e4ze pa\u00fdtagtda Prezident k\u00f6\u015fgi bolan \u201cGaruda\u201d k\u00f6\u015fgi ta\u00fd\u00fdar edildi. \u015eonu\u0148 \u00fc\u00e7in Prezident Widodo bu \u00fderde i\u015f alyp baryp, \u00f6z\u00fcni\u0148 wezipe bor\u00e7laryny so\u0148ra \u00fdurdu\u0148 t\u00e4ze sa\u00fdlanan Prezidentine tab\u015fyrar.<br \/>\nPrezidenti\u0148 metbugat sekretary Hasan Nasbini\u0148 bellemegine g\u00f6r\u00e4, t\u00e4ze pa\u00fdtagt Prezidenti Joko Widodony\u0148 ba\u015flangyjy bilen amala a\u015fyryl\u00fdan taslamadyr. Widodo pa\u00fdtagty g\u00f6\u00e7\u00fcrmek teklibini 2019-njy \u00fdylda \u00f6\u0148e s\u00fcr\u00fcpdi. Ilkiba\u015fda, t\u00e4ze pa\u00fdtagty Kalimantan adasynda d\u00f6retmek g\u00f6z \u00f6\u0148\u00fcnde tutulypdy. \u00dd\u00f6ne pandemi\u00fda seb\u00e4pli bu taslama \u00fdatyrylypdy. So\u0148ra Widodo 2022-nji \u00fdylda Nusantarany t\u00e4ze pa\u00fdtagt h\u00f6km\u00fcnde yglan etdi.<br \/>\n\u00ddurtdu\u0148 sa\u00fdlanan Prezidenti Prabowo Subianto hem Nusantarany\u0148 gurlu\u015fygyny tamamlap, bu \u015f\u00e4here g\u00f6\u00e7m\u00e4ge ta\u00fd\u00fdardygyny belledi.<br \/>\n\u015eu \u00fdyly\u0148 14-nji fewralynda \u00fdurtda ge\u00e7irilen sa\u00fdlawda Prabowo Subianto 59 g\u00f6terime gola\u00fd ses bilen Prezident wezipesine <a href=\"https:\/\/zamanturkmenistan.com.tm\/?p=102937\">sa\u00fdlanypdy.<\/a> Sa\u00fdlanan Prezident okt\u00fdabr a\u00fdyny\u0148 20-sine kasam kabul edip wezipesine giri\u015fer.<\/p>\n","protected":false},"excerpt":{"rendered":"<p>Indonezi\u00fdany\u0148 Prezidenti Joko Widodo 10-njy sent\u00fdabrdan \u00f6z wezipe bor\u00e7laryny \u00fdurdu\u0148 t\u00e4ze pa\u00fdtagty Nusantaradan alyp barar. Bu barada \u00fdurdu\u0148 metbugatynda habar beril\u00fd\u00e4r. T\u00e4ze pa\u00fdtagtda Prezident k\u00f6\u015fgi bolan \u201cGaruda\u201d k\u00f6\u015fgi ta\u00fd\u00fdar edildi. \u015eonu\u0148 \u00fc\u00e7in Prezident Widodo bu \u00fderde i\u015f alyp baryp, \u00f6z\u00fcni\u0148 wezipe bor\u00e7laryny so\u0148ra \u00fdurdu\u0148 t\u00e4ze sa\u00fdlanan Prezidentine tab\u015fyrar. Prezidenti\u0148 metbugat sekretary Hasan Nasbini\u0148 bellemegine g\u00f6r\u00e4, [&hellip;]<\/p>\n","protected":false},"author":2,"featured_media":116133,"comment_status":"open","ping_status":"closed","sticky":false,"template":"","format":"standard","meta":{"footnotes":""},"categories":[5],"tags":[],"acf":[],"_links":{"self":[{"href":"https:\/\/zamanturkmenistan.com.tm\/index.php?rest_route=\/wp\/v2\/posts\/116132"}],"collection":[{"href":"https:\/\/zamanturkmenistan.com.tm\/index.php?rest_route=\/wp\/v2\/posts"}],"about":[{"href":"https:\/\/zamanturkmenistan.com.tm\/index.php?rest_route=\/wp\/v2\/types\/post"}],"author":[{"embeddable":true,"href":"https:\/\/zamanturkmenistan.com.tm\/index.php?rest_route=\/wp\/v2\/users\/2"}],"replies":[{"embeddable":true,"href":"https:\/\/zamanturkmenistan.com.tm\/index.php?rest_route=%2Fwp%2Fv2%2Fcomments&post=116132"}],"version-history":[{"count":2,"href":"https:\/\/zamanturkmenistan.com.tm\/index.php?rest_route=\/wp\/v2\/posts\/116132\/revisions"}],"predecessor-version":[{"id":116136,"href":"https:\/\/zamanturkmenistan.com.tm\/index.php?rest_route=\/wp\/v2\/posts\/116132\/revisions\/116136"}],"wp:featuredmedia":[{"embeddable":true,"href":"https:\/\/zamanturkmenistan.com.tm\/index.php?rest_route=\/wp\/v2\/media\/116133"}],"wp:attachment":[{"href":"https:\/\/zamanturkmenistan.com.tm\/index.php?rest_route=%2Fwp%2Fv2%2Fmedia&parent=116132"}],"wp:term":[{"taxonomy":"category","embeddable":true,"href":"https:\/\/zamanturkmenistan.com.tm\/index.php?rest_route=%2Fwp%2Fv2%2Fcategories&post=116132"},{"taxonomy":"post_tag","embeddable":true,"href":"https:\/\/zamanturkmenistan.com.tm\/index.php?rest_route=%2Fwp%2Fv2%2Ftags&post=116132"}],"curies":[{"name":"wp","href":"https:\/\/api.w.org\/{rel}","templated":true}]}}