{"id":116137,"date":"2024-09-10T16:21:58","date_gmt":"2024-09-10T11:21:58","guid":{"rendered":"https:\/\/zamanturkmenistan.com.tm\/?p=116137"},"modified":"2024-09-10T16:21:58","modified_gmt":"2024-09-10T11:21:58","slug":"ertir-turkmen-owgan-gatnasyklaryny-has-da-osdurjek-mohum-taslamalar-ise-giriziler","status":"publish","type":"post","link":"https:\/\/zamanturkmenistan.com.tm\/?p=116137","title":{"rendered":"Ertir t\u00fcrkmen-owgan gatna\u015fyklaryny has-da \u00f6sd\u00fcrjek m\u00f6h\u00fcm taslamalar i\u015fe giriziler"},"content":{"rendered":"<p>\u015eu g\u00fcn pa\u00fdtagtymyzy\u0148 \u201c\u00ddyldyz\u201d myhmanhanasynda T\u00fcrkmenistany\u0148 Ma\u00fda go\u00fdum forumyny\u0148 we ugurda\u015f sergini\u0148 hem-de T\u00fcrkmenistany\u0148 ykdysady\u00fdetine \u00fdokary tehnologi\u00fdalary we innowasi\u00fdalary \u00e7ekmek bo\u00fdun\u00e7a halkara maslahatyny\u0148 resmi a\u00e7yly\u015f dabarasy boldy. A\u00e7yly\u015f dabarasyny\u0148 ba\u015fynda T\u00fcrkmenistany\u0148 Prezidenti Serdar Berdimuhamedow Ma\u00fda go\u00fdum forumynda wideo\u00fd\u00fczlenme bilen \u00e7yky\u015f etdi. Hormatly Prezidentimiz \u00e7yky\u015fynda ertir, \u00fdagny 11-nji sent\u00fdabrda t\u00fcrkmen-owgan gatna\u015fyklaryny has-da \u00f6sd\u00fcrjek m\u00f6h\u00fcm taslamalary\u0148 d\u00fc\u00fdb\u00fcni tutmak we i\u015fe girizmek dabaralaryny\u0148 boljakdygyny a\u00fdtdy.<img decoding=\"async\" loading=\"lazy\" class=\"aligncenter wp-image-116140 size-full\" src=\"https:\/\/zamanturkmenistan.com.tm\/wp-content\/uploads\/2024\/09\/tif-2024-investment-forum-5X2A7719.jpg\" alt=\"\" width=\"1200\" height=\"800\" srcset=\"https:\/\/zamanturkmenistan.com.tm\/wp-content\/uploads\/2024\/09\/tif-2024-investment-forum-5X2A7719.jpg 1200w, https:\/\/zamanturkmenistan.com.tm\/wp-content\/uploads\/2024\/09\/tif-2024-investment-forum-5X2A7719-300x200.jpg 300w, https:\/\/zamanturkmenistan.com.tm\/wp-content\/uploads\/2024\/09\/tif-2024-investment-forum-5X2A7719-1024x683.jpg 1024w, https:\/\/zamanturkmenistan.com.tm\/wp-content\/uploads\/2024\/09\/tif-2024-investment-forum-5X2A7719-768x512.jpg 768w, https:\/\/zamanturkmenistan.com.tm\/wp-content\/uploads\/2024\/09\/tif-2024-investment-forum-5X2A7719-696x464.jpg 696w, https:\/\/zamanturkmenistan.com.tm\/wp-content\/uploads\/2024\/09\/tif-2024-investment-forum-5X2A7719-1068x712.jpg 1068w, https:\/\/zamanturkmenistan.com.tm\/wp-content\/uploads\/2024\/09\/tif-2024-investment-forum-5X2A7719-630x420.jpg 630w\" sizes=\"(max-width: 1200px) 100vw, 1200px\" \/>T\u00fcrkmenistan-Owganystan-Pakistan-Hindistan gaz ge\u00e7irijisi taslamasyny\u0148 esasy tapgyry bolan Serhetabat-Hyrat gaz ge\u00e7irijisini\u0148, \u015fe\u00fdle hem T\u00fcrkmenistan-Owganystan-Pakistan ugry bo\u00fdun\u00e7a elektrik, ulag we aragatna\u015fyk ulgamlaryny\u0148 d\u00fc\u00fdb\u00fcni tutmak we i\u015fe girizmek dabaralaryny\u0148 \u015fa\u00fdady bolarys \u2013 di\u00fdip, hormatly Prezidentimiz belledi.<\/p>\n","protected":false},"excerpt":{"rendered":"<p>\u015eu g\u00fcn pa\u00fdtagtymyzy\u0148 \u201c\u00ddyldyz\u201d myhmanhanasynda T\u00fcrkmenistany\u0148 Ma\u00fda go\u00fdum forumyny\u0148 we ugurda\u015f sergini\u0148 hem-de T\u00fcrkmenistany\u0148 ykdysady\u00fdetine \u00fdokary tehnologi\u00fdalary we innowasi\u00fdalary \u00e7ekmek bo\u00fdun\u00e7a halkara maslahatyny\u0148 resmi a\u00e7yly\u015f dabarasy boldy. A\u00e7yly\u015f dabarasyny\u0148 ba\u015fynda T\u00fcrkmenistany\u0148 Prezidenti Serdar Berdimuhamedow Ma\u00fda go\u00fdum forumynda wideo\u00fd\u00fczlenme bilen \u00e7yky\u015f etdi. Hormatly Prezidentimiz \u00e7yky\u015fynda ertir, \u00fdagny 11-nji sent\u00fdabrda t\u00fcrkmen-owgan gatna\u015fyklaryny has-da \u00f6sd\u00fcrjek m\u00f6h\u00fcm taslamalary\u0148 d\u00fc\u00fdb\u00fcni [&hellip;]<\/p>\n","protected":false},"author":2,"featured_media":116139,"comment_status":"open","ping_status":"closed","sticky":false,"template":"","format":"standard","meta":{"footnotes":""},"categories":[3],"tags":[],"acf":[],"_links":{"self":[{"href":"https:\/\/zamanturkmenistan.com.tm\/index.php?rest_route=\/wp\/v2\/posts\/116137"}],"collection":[{"href":"https:\/\/zamanturkmenistan.com.tm\/index.php?rest_route=\/wp\/v2\/posts"}],"about":[{"href":"https:\/\/zamanturkmenistan.com.tm\/index.php?rest_route=\/wp\/v2\/types\/post"}],"author":[{"embeddable":true,"href":"https:\/\/zamanturkmenistan.com.tm\/index.php?rest_route=\/wp\/v2\/users\/2"}],"replies":[{"embeddable":true,"href":"https:\/\/zamanturkmenistan.com.tm\/index.php?rest_route=%2Fwp%2Fv2%2Fcomments&post=116137"}],"version-history":[{"count":1,"href":"https:\/\/zamanturkmenistan.com.tm\/index.php?rest_route=\/wp\/v2\/posts\/116137\/revisions"}],"predecessor-version":[{"id":116141,"href":"https:\/\/zamanturkmenistan.com.tm\/index.php?rest_route=\/wp\/v2\/posts\/116137\/revisions\/116141"}],"wp:featuredmedia":[{"embeddable":true,"href":"https:\/\/zamanturkmenistan.com.tm\/index.php?rest_route=\/wp\/v2\/media\/116139"}],"wp:attachment":[{"href":"https:\/\/zamanturkmenistan.com.tm\/index.php?rest_route=%2Fwp%2Fv2%2Fmedia&parent=116137"}],"wp:term":[{"taxonomy":"category","embeddable":true,"href":"https:\/\/zamanturkmenistan.com.tm\/index.php?rest_route=%2Fwp%2Fv2%2Fcategories&post=116137"},{"taxonomy":"post_tag","embeddable":true,"href":"https:\/\/zamanturkmenistan.com.tm\/index.php?rest_route=%2Fwp%2Fv2%2Ftags&post=116137"}],"curies":[{"name":"wp","href":"https:\/\/api.w.org\/{rel}","templated":true}]}}