{"id":116204,"date":"2024-09-11T11:29:51","date_gmt":"2024-09-11T06:29:51","guid":{"rendered":"https:\/\/zamanturkmenistan.com.tm\/?p=116204"},"modified":"2024-09-11T11:29:51","modified_gmt":"2024-09-11T06:29:51","slug":"harris-bilen-trampyn-arasyndaky-ilkinji-telecekisme","status":"publish","type":"post","link":"https:\/\/zamanturkmenistan.com.tm\/?p=116204","title":{"rendered":"Har\u00adris bilen Trampy\u0148 ara\u00adsyn\u00addaky il\u00adkin\u00adji te\u00adle\u00ad\u00e7e\u00adki\u015f\u00adme"},"content":{"rendered":"<p>D\u00fc\u00fdn AB\u015e-da ge\u00ad\u00e7i\u00adril\u00adjek Pre\u00adzi\u00addent sa\u00fd\u00adla\u00adwy\u00adna gat\u00adna\u015f\u00adjak iki esa\u00adsy da\u00adla\u015f\u00adg\u00e4r \u2013 \u00fdur\u00addu\u0148 h\u00e4\u00adzir\u00adki wi\u00adse-pre\u00adzi\u00adden\u00adti Ka\u00adma\u00adla Har\u00adris hem-de ozal\u00adky Pre\u00adzi\u00addent Do\u00adnald Tram\u00adpy\u0148 ara\u00adsyn\u00adda te\u00adle\u00adwi\u00adzi\u00adon \u00e7e\u00adki\u015f\u00adme ge\u00e7\u00addi. \u00ddurt\u00adda d\u00e4p bo\u00adlan bu wa\u00adka sa\u00fd\u00adlaw\u00adla\u00adry\u0148 ne\u00adti\u00adje\u00adle\u00adri\u00adne t\u00e4\u00adsir edip bil\u00ad\u00fd\u00e4r.<br \/>\n\u201cABC News\u201d te\u00adle\u00ad\u00fda\u00fd\u00adly\u00admy ar\u00adka\u00adly to\u00adma\u00ad\u015fa\u00ad\u00e7y\u00adla\u00adra \u00fde\u00adti\u00adri\u00adlen \u00e7e\u00adki\u015f\u00adme ba\u015f\u00adla\u00admaz\u00addan ozal, Ka\u00adma\u00adla Har\u00adris Tram\u00adpy\u0148 eli\u00adni gy\u00adsyp, \u00f6z\u00fc\u00adni ta\u00adny\u015f\u00addyr\u00addy.<br \/>\nDe\u00adbat\u00adda esa\u00adsy mow\u00adzuk\u00adlar i\u00e7er\u00adki we da\u00ad\u015far\u00adky sy\u00ad\u00fda\u00adsat, yk\u00addy\u00adsa\u00addy\u00ad\u00fdet, ada\u00adlat we jem\u00adgy\u00ad\u00fdet\u00ad\u00e7i\u00adlik me\u00adse\u00adle\u00adle\u00adri bol\u00addy. Ka\u00adma\u00adla Har\u00adris, \u00f6z\u00fc\u00adni\u0148 wi\u00adse pre\u00adzi\u00addent\u00adlik d\u00f6w\u00adr\u00fc\u00adni\u0148 \u00fcs\u00adt\u00fcn\u00adlik\u00adli bo\u00adlan\u00addy\u00adgy\u00adny bel\u00adle\u00addi we De\u00admok\u00adra\u00adtik par\u00adti\u00ad\u00fda\u00adny\u0148 mak\u00adsat\u00adna\u00adma\u00adsy ba\u00adra\u00adda du\u00adrup ge\u00e7\u00addi.<\/p>\n<p><img decoding=\"async\" loading=\"lazy\" class=\"aligncenter wp-image-116206 size-full\" src=\"https:\/\/zamanturkmenistan.com.tm\/wp-content\/uploads\/2024\/09\/trump-harris-first-teledebate.jpg\" alt=\"\" width=\"978\" height=\"669\" srcset=\"https:\/\/zamanturkmenistan.com.tm\/wp-content\/uploads\/2024\/09\/trump-harris-first-teledebate.jpg 978w, https:\/\/zamanturkmenistan.com.tm\/wp-content\/uploads\/2024\/09\/trump-harris-first-teledebate-300x205.jpg 300w, https:\/\/zamanturkmenistan.com.tm\/wp-content\/uploads\/2024\/09\/trump-harris-first-teledebate-768x525.jpg 768w, https:\/\/zamanturkmenistan.com.tm\/wp-content\/uploads\/2024\/09\/trump-harris-first-teledebate-218x150.jpg 218w, https:\/\/zamanturkmenistan.com.tm\/wp-content\/uploads\/2024\/09\/trump-harris-first-teledebate-696x476.jpg 696w, https:\/\/zamanturkmenistan.com.tm\/wp-content\/uploads\/2024\/09\/trump-harris-first-teledebate-614x420.jpg 614w\" sizes=\"(max-width: 978px) 100vw, 978px\" \/>Do\u00adnald Tramp bol\u00adsa, Res\u00adpub\u00adli\u00adkan par\u00adti\u00ad\u00fda\u00adsy\u00adny\u0148 \u00f6s\u00fc\u015f stra\u00adte\u00adgi\u00ad\u00fda\u00adla\u00adry\u00adny we \u00f6z pre\u00adzi\u00addent\u00adlik d\u00f6w\u00adr\u00fcn\u00adde ga\u00adza\u00adnan \u00fcs\u00adt\u00fcn\u00adlik\u00adle\u00adri\u00adni \u00f6\u0148e s\u00fcr\u00addi. \u00c7e\u00adke\u00adle\u00ad\u015fi\u00adgi\u0148 do\u00adwa\u00admyn\u00adda iki\u00adta\u00adrap\u00adla\u00ad\u00fdyn tan\u00adkyt\u00adlar we g\u00fcr\u00adr\u00fc\u0148\u00adde\u015f\u00adlik\u00adler to\u00adma\u00ad\u015fa\u00ad\u00e7y\u00adla\u00adry\u0148 \u00fcn\u00ads\u00fc\u00adni \u00f6z\u00fc\u00adne \u00e7ek\u00addi. Te\u00adle\u00ad\u00e7e\u00adki\u015f\u00adme k\u00f6p\u00ad\u00e7\u00fc\u00adlik\u00adle\u00ad\u00fdin \u00fder\u00adler\u00adde uly te\u00adle\u00adwi\u00adzor\u00adlar\u00adda to\u00adma\u00ad\u015fa\u00ad\u00e7y\u00adla\u00adra g\u00f6r\u00adke\u00adzil\u00addi.<br \/>\n\u00ddurt\u00adda 5-nji no\u00ad\u00fdabr\u00adda pre\u00adzi\u00addent sa\u00fd\u00adla\u00adwy ge\u00ad\u00e7i\u00adri\u00adler.<\/p>\n","protected":false},"excerpt":{"rendered":"<p>D\u00fc\u00fdn AB\u015e-da ge\u00ad\u00e7i\u00adril\u00adjek Pre\u00adzi\u00addent sa\u00fd\u00adla\u00adwy\u00adna gat\u00adna\u015f\u00adjak iki esa\u00adsy da\u00adla\u015f\u00adg\u00e4r \u2013 \u00fdur\u00addu\u0148 h\u00e4\u00adzir\u00adki wi\u00adse-pre\u00adzi\u00adden\u00adti Ka\u00adma\u00adla Har\u00adris hem-de ozal\u00adky Pre\u00adzi\u00addent Do\u00adnald Tram\u00adpy\u0148 ara\u00adsyn\u00adda te\u00adle\u00adwi\u00adzi\u00adon \u00e7e\u00adki\u015f\u00adme ge\u00e7\u00addi. \u00ddurt\u00adda d\u00e4p bo\u00adlan bu wa\u00adka sa\u00fd\u00adlaw\u00adla\u00adry\u0148 ne\u00adti\u00adje\u00adle\u00adri\u00adne t\u00e4\u00adsir edip bil\u00ad\u00fd\u00e4r. \u201cABC News\u201d te\u00adle\u00ad\u00fda\u00fd\u00adly\u00admy ar\u00adka\u00adly to\u00adma\u00ad\u015fa\u00ad\u00e7y\u00adla\u00adra \u00fde\u00adti\u00adri\u00adlen \u00e7e\u00adki\u015f\u00adme ba\u015f\u00adla\u00admaz\u00addan ozal, Ka\u00adma\u00adla Har\u00adris Tram\u00adpy\u0148 eli\u00adni gy\u00adsyp, \u00f6z\u00fc\u00adni ta\u00adny\u015f\u00addyr\u00addy. De\u00adbat\u00adda esa\u00adsy mow\u00adzuk\u00adlar i\u00e7er\u00adki we [&hellip;]<\/p>\n","protected":false},"author":2,"featured_media":116205,"comment_status":"open","ping_status":"closed","sticky":false,"template":"","format":"standard","meta":{"footnotes":""},"categories":[5],"tags":[],"acf":[],"_links":{"self":[{"href":"https:\/\/zamanturkmenistan.com.tm\/index.php?rest_route=\/wp\/v2\/posts\/116204"}],"collection":[{"href":"https:\/\/zamanturkmenistan.com.tm\/index.php?rest_route=\/wp\/v2\/posts"}],"about":[{"href":"https:\/\/zamanturkmenistan.com.tm\/index.php?rest_route=\/wp\/v2\/types\/post"}],"author":[{"embeddable":true,"href":"https:\/\/zamanturkmenistan.com.tm\/index.php?rest_route=\/wp\/v2\/users\/2"}],"replies":[{"embeddable":true,"href":"https:\/\/zamanturkmenistan.com.tm\/index.php?rest_route=%2Fwp%2Fv2%2Fcomments&post=116204"}],"version-history":[{"count":1,"href":"https:\/\/zamanturkmenistan.com.tm\/index.php?rest_route=\/wp\/v2\/posts\/116204\/revisions"}],"predecessor-version":[{"id":116207,"href":"https:\/\/zamanturkmenistan.com.tm\/index.php?rest_route=\/wp\/v2\/posts\/116204\/revisions\/116207"}],"wp:featuredmedia":[{"embeddable":true,"href":"https:\/\/zamanturkmenistan.com.tm\/index.php?rest_route=\/wp\/v2\/media\/116205"}],"wp:attachment":[{"href":"https:\/\/zamanturkmenistan.com.tm\/index.php?rest_route=%2Fwp%2Fv2%2Fmedia&parent=116204"}],"wp:term":[{"taxonomy":"category","embeddable":true,"href":"https:\/\/zamanturkmenistan.com.tm\/index.php?rest_route=%2Fwp%2Fv2%2Fcategories&post=116204"},{"taxonomy":"post_tag","embeddable":true,"href":"https:\/\/zamanturkmenistan.com.tm\/index.php?rest_route=%2Fwp%2Fv2%2Ftags&post=116204"}],"curies":[{"name":"wp","href":"https:\/\/api.w.org\/{rel}","templated":true}]}}