{"id":116578,"date":"2024-09-16T10:12:23","date_gmt":"2024-09-16T05:12:23","guid":{"rendered":"https:\/\/zamanturkmenistan.com.tm\/?p=116578"},"modified":"2024-09-16T10:12:23","modified_gmt":"2024-09-16T05:12:23","slug":"ozbegistanyn-turkmenistandaky-ilcisi-diplomatik-isini-tamamlayar","status":"publish","type":"post","link":"https:\/\/zamanturkmenistan.com.tm\/?p=116578","title":{"rendered":"\u00d6zbegistany\u0148 T\u00fcrkmenistandaky Il\u00e7isi diplomatik i\u015fini tamamla\u00fdar"},"content":{"rendered":"<p>14-nji sent\u00fdabrda T\u00fcrkmenistany\u0148 Da\u015fary i\u015fler ministri Ra\u015fid Meredow T\u00fcrkmenistandaky diplomatik i\u015fini tamamla\u00fdan \u00d6zbegistan Respublikasyny\u0148 T\u00fcrkmenistandaky Adatdan da\u015fary we Doly ygty\u00fdarly Il\u00e7isi Akmaljon Ku\u00e7karow bilen du\u015fu\u015fdy.<br \/>\nS\u00f6hbetde\u015fligi\u0148 bar\u015fynda sy\u00fdasy-diplomatik, s\u00f6wda-ykdysady, medeni-ynsanperwer ugurlar bo\u00fdun\u00e7a t\u00fcrkmen-\u00f6zbek hyzmatda\u015flygyny\u0148 h\u00e4zirki \u00fdagda\u00fdy we geljegi bilen bagly meselelere garaldy.<br \/>\nDu\u015fu\u015fygy\u0148 ahyrynda da\u015fary sy\u00fdasat edarasyny\u0148 \u00fdolba\u015f\u00e7ysy ikitarapla\u00fdyn t\u00fcrkmen-\u00f6zbek gatna\u015fyklaryny pugtalandyrmaga go\u015fan go\u015fandy \u00fc\u00e7in Il\u00e7\u00e4 sagbolsun a\u00fdtdy we geljekki i\u015flerinde \u00fcst\u00fcnlikleri arzuw etdi.<br \/>\n\u00d6z gezeginde Il\u00e7i T\u00fcrkmenistanda diplomatik wezipesini durmu\u015fa ge\u00e7irmekde berilen hemmetarapla\u00fdyn goldaw we \u00fdardam \u00fc\u00e7in t\u00fcrkmen tarapyna t\u00fc\u00fds \u00fd\u00fcrekden ho\u015fallyk bildirdi.<\/p>\n","protected":false},"excerpt":{"rendered":"<p>14-nji sent\u00fdabrda T\u00fcrkmenistany\u0148 Da\u015fary i\u015fler ministri Ra\u015fid Meredow T\u00fcrkmenistandaky diplomatik i\u015fini tamamla\u00fdan \u00d6zbegistan Respublikasyny\u0148 T\u00fcrkmenistandaky Adatdan da\u015fary we Doly ygty\u00fdarly Il\u00e7isi Akmaljon Ku\u00e7karow bilen du\u015fu\u015fdy. S\u00f6hbetde\u015fligi\u0148 bar\u015fynda sy\u00fdasy-diplomatik, s\u00f6wda-ykdysady, medeni-ynsanperwer ugurlar bo\u00fdun\u00e7a t\u00fcrkmen-\u00f6zbek hyzmatda\u015flygyny\u0148 h\u00e4zirki \u00fdagda\u00fdy we geljegi bilen bagly meselelere garaldy. Du\u015fu\u015fygy\u0148 ahyrynda da\u015fary sy\u00fdasat edarasyny\u0148 \u00fdolba\u015f\u00e7ysy ikitarapla\u00fdyn t\u00fcrkmen-\u00f6zbek gatna\u015fyklaryny pugtalandyrmaga go\u015fan go\u015fandy \u00fc\u00e7in [&hellip;]<\/p>\n","protected":false},"author":2,"featured_media":116579,"comment_status":"open","ping_status":"closed","sticky":false,"template":"","format":"standard","meta":{"footnotes":""},"categories":[3],"tags":[],"acf":[],"_links":{"self":[{"href":"https:\/\/zamanturkmenistan.com.tm\/index.php?rest_route=\/wp\/v2\/posts\/116578"}],"collection":[{"href":"https:\/\/zamanturkmenistan.com.tm\/index.php?rest_route=\/wp\/v2\/posts"}],"about":[{"href":"https:\/\/zamanturkmenistan.com.tm\/index.php?rest_route=\/wp\/v2\/types\/post"}],"author":[{"embeddable":true,"href":"https:\/\/zamanturkmenistan.com.tm\/index.php?rest_route=\/wp\/v2\/users\/2"}],"replies":[{"embeddable":true,"href":"https:\/\/zamanturkmenistan.com.tm\/index.php?rest_route=%2Fwp%2Fv2%2Fcomments&post=116578"}],"version-history":[{"count":1,"href":"https:\/\/zamanturkmenistan.com.tm\/index.php?rest_route=\/wp\/v2\/posts\/116578\/revisions"}],"predecessor-version":[{"id":116580,"href":"https:\/\/zamanturkmenistan.com.tm\/index.php?rest_route=\/wp\/v2\/posts\/116578\/revisions\/116580"}],"wp:featuredmedia":[{"embeddable":true,"href":"https:\/\/zamanturkmenistan.com.tm\/index.php?rest_route=\/wp\/v2\/media\/116579"}],"wp:attachment":[{"href":"https:\/\/zamanturkmenistan.com.tm\/index.php?rest_route=%2Fwp%2Fv2%2Fmedia&parent=116578"}],"wp:term":[{"taxonomy":"category","embeddable":true,"href":"https:\/\/zamanturkmenistan.com.tm\/index.php?rest_route=%2Fwp%2Fv2%2Fcategories&post=116578"},{"taxonomy":"post_tag","embeddable":true,"href":"https:\/\/zamanturkmenistan.com.tm\/index.php?rest_route=%2Fwp%2Fv2%2Ftags&post=116578"}],"curies":[{"name":"wp","href":"https:\/\/api.w.org\/{rel}","templated":true}]}}