{"id":116591,"date":"2024-09-16T10:41:48","date_gmt":"2024-09-16T05:41:48","guid":{"rendered":"https:\/\/zamanturkmenistan.com.tm\/?p=116591"},"modified":"2024-09-16T10:41:48","modified_gmt":"2024-09-16T05:41:48","slug":"aziyadan-yewropa-yupun-ustunde-gecdi","status":"publish","type":"post","link":"https:\/\/zamanturkmenistan.com.tm\/?p=116591","title":{"rendered":"Azi\u00fdadan \u00ddewropa \u00fd\u00fcp\u00fc\u0148 \u00fcst\u00fcnde ge\u00e7di"},"content":{"rendered":"<p>Estoni\u00fdaly \u00ddan Ruz Stambul bogazyny\u0148 \u00fcst\u00fcnden \u00e7ekilen \u00fd\u00fcp\u00fc\u0148 \u00fcst\u00fcnden \u00fd\u00f6r\u00e4p ge\u00e7di. M\u00e4lim bol\u015fy \u00fdaly, Stambul bogazy Azi\u00fda bilen \u00ddewropa kontinentlerini ik\u00e4 b\u00f6l\u00fd\u00e4r. \u015ee\u00fdlelikde, estoni\u00fdaly darbaz Azi\u00fdadan \u00ddewropa \u00fd\u00fcp\u00fc\u0148 \u00fcst\u00fcnden \u00fd\u00f6r\u00e4p ge\u00e7en ilkinji adam h\u00f6km\u00fcnde taryha adyny \u00fdazdyrdy.<br \/>\nSlekla\u00fdn (Slackline) ugrundan 3 gezek d\u00fcn\u00fd\u00e4 \u00e7empiony bolan estoni\u00fdaly darbaz suwu\u0148 165 metr be\u00fdikliginde \u00e7ekilen, uzynlygy 1074 metrlik \u00fd\u00fcp\u00fc\u0148 \u00fcst\u00fcnden \u00fd\u00f6r\u00e4p ge\u00e7di. Bu \u00fd\u00f6ri\u015f 47 minut dowam etdi.<br \/>\nBu kyn synagy tamamlandan so\u0148ra Ruz Stambul bogazyny\u0148 m\u00fc\u0148ler\u00e7e \u00fdyllyk medeni \u00e4hmi\u00fdete e\u00fdedigini, aja\u00fdyp tebigy g\u00f6zelligini\u0148 bardygyny a\u00fddyp, howany\u0148 yzygiderli \u00fc\u00fdtgemegi we de\u0148zi\u0148 g\u00fc\u00fd\u00e7li akymy hem g\u00f6z \u00f6\u0148\u00fcnde tutulanda, \u00fd\u00fcp\u00fc\u0148 \u00fcst\u00fcnde \u00fd\u00f6remek \u00fc\u00e7in bogazy\u0148 ga\u00fdtalanmajak \u00fderdigini a\u00fdtdy. Ol taryha girendigi \u00fc\u00e7in \u00f6z\u00fcni bagtly sa\u00fd\u00fdandygyny belledi.<br \/>\nRuz ge\u00e7en \u00fdyl Katarda bir binadaky d\u00fcn\u00fd\u00e4ni\u0148 i\u0148 uzyn slekla\u00fdn \u00fd\u00f6ri\u015fini edipdi.<\/p>\n","protected":false},"excerpt":{"rendered":"<p>Estoni\u00fdaly \u00ddan Ruz Stambul bogazyny\u0148 \u00fcst\u00fcnden \u00e7ekilen \u00fd\u00fcp\u00fc\u0148 \u00fcst\u00fcnden \u00fd\u00f6r\u00e4p ge\u00e7di. M\u00e4lim bol\u015fy \u00fdaly, Stambul bogazy Azi\u00fda bilen \u00ddewropa kontinentlerini ik\u00e4 b\u00f6l\u00fd\u00e4r. \u015ee\u00fdlelikde, estoni\u00fdaly darbaz Azi\u00fdadan \u00ddewropa \u00fd\u00fcp\u00fc\u0148 \u00fcst\u00fcnden \u00fd\u00f6r\u00e4p ge\u00e7en ilkinji adam h\u00f6km\u00fcnde taryha adyny \u00fdazdyrdy. Slekla\u00fdn (Slackline) ugrundan 3 gezek d\u00fcn\u00fd\u00e4 \u00e7empiony bolan estoni\u00fdaly darbaz suwu\u0148 165 metr be\u00fdikliginde \u00e7ekilen, uzynlygy 1074 metrlik [&hellip;]<\/p>\n","protected":false},"author":2,"featured_media":116592,"comment_status":"open","ping_status":"closed","sticky":false,"template":"","format":"standard","meta":{"footnotes":""},"categories":[5],"tags":[],"acf":[],"_links":{"self":[{"href":"https:\/\/zamanturkmenistan.com.tm\/index.php?rest_route=\/wp\/v2\/posts\/116591"}],"collection":[{"href":"https:\/\/zamanturkmenistan.com.tm\/index.php?rest_route=\/wp\/v2\/posts"}],"about":[{"href":"https:\/\/zamanturkmenistan.com.tm\/index.php?rest_route=\/wp\/v2\/types\/post"}],"author":[{"embeddable":true,"href":"https:\/\/zamanturkmenistan.com.tm\/index.php?rest_route=\/wp\/v2\/users\/2"}],"replies":[{"embeddable":true,"href":"https:\/\/zamanturkmenistan.com.tm\/index.php?rest_route=%2Fwp%2Fv2%2Fcomments&post=116591"}],"version-history":[{"count":1,"href":"https:\/\/zamanturkmenistan.com.tm\/index.php?rest_route=\/wp\/v2\/posts\/116591\/revisions"}],"predecessor-version":[{"id":116593,"href":"https:\/\/zamanturkmenistan.com.tm\/index.php?rest_route=\/wp\/v2\/posts\/116591\/revisions\/116593"}],"wp:featuredmedia":[{"embeddable":true,"href":"https:\/\/zamanturkmenistan.com.tm\/index.php?rest_route=\/wp\/v2\/media\/116592"}],"wp:attachment":[{"href":"https:\/\/zamanturkmenistan.com.tm\/index.php?rest_route=%2Fwp%2Fv2%2Fmedia&parent=116591"}],"wp:term":[{"taxonomy":"category","embeddable":true,"href":"https:\/\/zamanturkmenistan.com.tm\/index.php?rest_route=%2Fwp%2Fv2%2Fcategories&post=116591"},{"taxonomy":"post_tag","embeddable":true,"href":"https:\/\/zamanturkmenistan.com.tm\/index.php?rest_route=%2Fwp%2Fv2%2Ftags&post=116591"}],"curies":[{"name":"wp","href":"https:\/\/api.w.org\/{rel}","templated":true}]}}