{"id":116643,"date":"2024-09-16T09:59:33","date_gmt":"2024-09-16T04:59:33","guid":{"rendered":"https:\/\/zamanturkmenistan.com.tm\/?p=116643"},"modified":"2024-09-16T20:02:00","modified_gmt":"2024-09-16T15:02:00","slug":"tagallalaryny-birlesdirer-2","status":"publish","type":"post","link":"https:\/\/zamanturkmenistan.com.tm\/?p=116643","title":{"rendered":"Tagallalaryny birle\u015fdirer"},"content":{"rendered":"<p>Germani\u00fdany\u0148 demir \u00fdol (\u201cDeutsche Bahn\u201d) edarasyny\u0148 logistika b\u00f6l\u00fcmi \u201cSchenker\u201d Dani\u00fdany\u0148 DSV logistika kompani\u00fdasyna satylar. Hyzmatda\u015flygy\u0148 bahasyny\u0148 14,3 milliard \u00fdewrodygy m\u00e4lim edildi.<br \/>\n\u201cDeutsche Bahn\u201d belgi\u00fdaly kompani\u00fdany\u0148 teklibini Kabul edendigini m\u00e4lim etdi. Satyn aly\u015f we saty\u015f bilen bagly amallary\u0148 degi\u015fli rugsatlar alnandan so\u0148ra geljek \u00fdyly\u0148 ikinji \u00fdarymynda tamamlanmagyna gara\u015fyl\u00fdar.<br \/>\nGermani\u00fdany\u0148 demir \u00fdol edarasy \u00fcnsi di\u0148e demir \u00fdol gatnawyna g\u00f6n\u00fckdirmek we girdejilerini artdyrmak \u00fc\u00e7in ge\u00e7en \u00fdyl \u201cSchenker\u201d-y satuwa \u00e7ykardy. Agzal\u00fdan ylala\u015fygy\u0148 h\u00e4zire \u00e7enli dani\u00fdaly kompani\u00fdany\u0148 gazanan i\u0148 gymmat \u015fertnamadygy m\u00e4lim edildi.<br \/>\nDSV-ni\u0148 d\u00fcn\u00fd\u00e4de 75 m\u00fc\u0148 t\u00f6weregi i\u015fg\u00e4ri bar. Dani\u00fdaly kompani\u00fda nemes kompani\u00fdasyny satyn almak bilen \u00ddewropadaky amallaryny has-da gi\u0148eltmegi me\u00fdille\u015fdir\u00fd\u00e4r.<br \/>\nMerkezi edarasy Essende \u00fderle\u015f\u00fd\u00e4n \u201cSchenker\u201d-i\u0148 bolsa, d\u00fcn\u00fd\u00e4ni\u0148 130-dan gowrak \u00fdurdunda 72 m\u00fc\u0148 700 i\u015fg\u00e4ri bar.<\/p>\n<p style=\"text-align: right;\"><strong>Azizhan Amandurdy\u00fdew, T\u00fcrkmen d\u00f6wlet mali\u00fde institutyny\u0148 talyby.<\/strong><\/p>\n","protected":false},"excerpt":{"rendered":"<p>Germani\u00fdany\u0148 demir \u00fdol (\u201cDeutsche Bahn\u201d) edarasyny\u0148 logistika b\u00f6l\u00fcmi \u201cSchenker\u201d Dani\u00fdany\u0148 DSV logistika kompani\u00fdasyna satylar. Hyzmatda\u015flygy\u0148 bahasyny\u0148 14,3 milliard \u00fdewrodygy m\u00e4lim edildi. \u201cDeutsche Bahn\u201d belgi\u00fdaly kompani\u00fdany\u0148 teklibini Kabul edendigini m\u00e4lim etdi. Satyn aly\u015f we saty\u015f bilen bagly amallary\u0148 degi\u015fli rugsatlar alnandan so\u0148ra geljek \u00fdyly\u0148 ikinji \u00fdarymynda tamamlanmagyna gara\u015fyl\u00fdar. Germani\u00fdany\u0148 demir \u00fdol edarasy \u00fcnsi di\u0148e demir \u00fdol [&hellip;]<\/p>\n","protected":false},"author":2,"featured_media":116646,"comment_status":"open","ping_status":"closed","sticky":false,"template":"","format":"standard","meta":{"footnotes":""},"categories":[5],"tags":[],"acf":[],"_links":{"self":[{"href":"https:\/\/zamanturkmenistan.com.tm\/index.php?rest_route=\/wp\/v2\/posts\/116643"}],"collection":[{"href":"https:\/\/zamanturkmenistan.com.tm\/index.php?rest_route=\/wp\/v2\/posts"}],"about":[{"href":"https:\/\/zamanturkmenistan.com.tm\/index.php?rest_route=\/wp\/v2\/types\/post"}],"author":[{"embeddable":true,"href":"https:\/\/zamanturkmenistan.com.tm\/index.php?rest_route=\/wp\/v2\/users\/2"}],"replies":[{"embeddable":true,"href":"https:\/\/zamanturkmenistan.com.tm\/index.php?rest_route=%2Fwp%2Fv2%2Fcomments&post=116643"}],"version-history":[{"count":1,"href":"https:\/\/zamanturkmenistan.com.tm\/index.php?rest_route=\/wp\/v2\/posts\/116643\/revisions"}],"predecessor-version":[{"id":116647,"href":"https:\/\/zamanturkmenistan.com.tm\/index.php?rest_route=\/wp\/v2\/posts\/116643\/revisions\/116647"}],"wp:featuredmedia":[{"embeddable":true,"href":"https:\/\/zamanturkmenistan.com.tm\/index.php?rest_route=\/wp\/v2\/media\/116646"}],"wp:attachment":[{"href":"https:\/\/zamanturkmenistan.com.tm\/index.php?rest_route=%2Fwp%2Fv2%2Fmedia&parent=116643"}],"wp:term":[{"taxonomy":"category","embeddable":true,"href":"https:\/\/zamanturkmenistan.com.tm\/index.php?rest_route=%2Fwp%2Fv2%2Fcategories&post=116643"},{"taxonomy":"post_tag","embeddable":true,"href":"https:\/\/zamanturkmenistan.com.tm\/index.php?rest_route=%2Fwp%2Fv2%2Ftags&post=116643"}],"curies":[{"name":"wp","href":"https:\/\/api.w.org\/{rel}","templated":true}]}}