{"id":116650,"date":"2024-09-17T09:37:39","date_gmt":"2024-09-17T04:37:39","guid":{"rendered":"https:\/\/zamanturkmenistan.com.tm\/?p=116650"},"modified":"2024-09-17T09:37:39","modified_gmt":"2024-09-17T04:37:39","slug":"tif-2024-in-netijelerine-bagyslanan-brifing","status":"publish","type":"post","link":"https:\/\/zamanturkmenistan.com.tm\/?p=116650","title":{"rendered":"TIF 2024-i\u0148 netijelerine bagy\u015flanan brifing"},"content":{"rendered":"<p>16-njy sent\u00fdabrda T\u00fcrkmenistany\u0148 Da\u015fary i\u015fler ministrliginde 10-11-nji sent\u00fdabrda ge\u00e7irilen T\u00fcrkmenistany\u0148 ma\u00fda go\u00fdum forumyny\u0148 we sergisini\u0148 (TIF 2024) netijelerine bagy\u015flanan brifing ge\u00e7irildi.<br \/>\nBu \u00e7\u00e4r\u00e4 T\u00fcrkmenistany\u0148 degi\u015fli ministrliklerini\u0148 we pudak edaralaryny\u0148, \u00fdurdu\u0148 Ylymlar akademi\u00fdasyny\u0148 \u00fdolba\u015f\u00e7ylary we wekilleri, T\u00fcrkmenistanda akkreditirlenen diplomatik wekilhanalary\u0148 we halkara guramalaryny\u0148 wekilhanalaryny\u0148 \u00fdolba\u015f\u00e7ylary we i\u015fg\u00e4rleri, \u00fderli we da\u015fary \u00fdurt habar beri\u015f seri\u015fdelerini\u0148 wekilleri gatna\u015fdy.<br \/>\nBrifingi\u0148 dowamynda T\u00fcrkmenistany\u0148 Da\u015fary i\u015fler ministri Ra\u015fid Meredow d\u00f6wlet edaralaryny\u0148, halkara guramalaryny\u0148, mali\u00fde institutlaryny\u0148, \u015fe\u00fdle hem onlar\u00e7a \u00fderli we da\u015fary \u00fdurt kompani\u00fdalaryny\u0148 wekillerini bir \u00fdere jeml\u00e4n T\u00fcrkmenistany\u0148 ma\u00fda go\u00fdum forumyny\u0148 (TIF 2024) netijeliligini bell\u00e4p ge\u00e7di.<br \/>\n\u00c7yky\u015fda \u00f6zara b\u00e4hbitli esasda ma\u00fda go\u00fdum hyzmatda\u015flygy \u00fc\u00e7in t\u00e4ze m\u00fcmkin\u00e7ilikler a\u00e7yl\u00fdan \u00fdurt bolan T\u00fcrkmenistany\u0148 senagat we innowasi\u00fda \u00f6s\u00fc\u015f \u00fdolundaky anyk \u00e4dimleri we gi\u0148 gerimli \u00f6zgertmeleri hem bellenildi.<br \/>\nBrifingde ma\u00fda go\u00fdum forumy bilen ugurda\u015flykda bolup ge\u00e7en wakalara, hususan-da, T\u00fcrkmenistany\u0148 Prezidentini\u0148, \u015fe\u00fdle-de T\u00fcrkmenistany\u0148 Halk Maslahatyny\u0148 Ba\u015flygy Gurbanguly Berdimuhamedowy\u0148 gatna\u015fmagyndaky energetika, ulag-kommunikasi\u00fda we logistika desgalaryny\u0148 a\u00e7yly\u015f hem-de d\u00fc\u00fdb\u00fcni tutmak dabaralaryna a\u00fdratyn \u00e4hmi\u00fdet berildi.<br \/>\n\u00c7\u00e4rede Hindistan Respublikasyny\u0148 we Hyta\u00fd Halk Respublikasyny\u0148 T\u00fcrkmenistandaky Adatdan da\u015fary we Doly ygty\u00fdarly Il\u00e7ileri, Owganystany\u0148 T\u00fcrkmenistandaky Il\u00e7ihanasyny\u0148 wekili, halkara guramalaryny\u0148 we mali\u00fde institutlary\u0148 \u00fdolba\u015f\u00e7ylary hem \u00e7yky\u015f etdiler.<br \/>\nDa\u015fary \u00fdurtly myhmanlar T\u00fcrkmenistan tarapyndan amal edil\u00fd\u00e4n bu \u00e4dimleri\u0148 di\u0148e bir \u00fdurdu\u0148 durmu\u015f-ykdysady \u00f6s\u00fc\u015fine d\u00e4l-de, e\u00fdsem sebit we tutu\u015f d\u00fcn\u00fd\u00e4 b\u00e4hbidine g\u00f6n\u00fckdirilendigini, \u015fe\u00fdle hem Durnukly \u00f6s\u00fc\u015f maksatlaryna \u00fdetmek \u00fc\u00e7in hem m\u00f6h\u00fcm \u015fertdigini bellediler.<\/p>\n","protected":false},"excerpt":{"rendered":"<p>16-njy sent\u00fdabrda T\u00fcrkmenistany\u0148 Da\u015fary i\u015fler ministrliginde 10-11-nji sent\u00fdabrda ge\u00e7irilen T\u00fcrkmenistany\u0148 ma\u00fda go\u00fdum forumyny\u0148 we sergisini\u0148 (TIF 2024) netijelerine bagy\u015flanan brifing ge\u00e7irildi. Bu \u00e7\u00e4r\u00e4 T\u00fcrkmenistany\u0148 degi\u015fli ministrliklerini\u0148 we pudak edaralaryny\u0148, \u00fdurdu\u0148 Ylymlar akademi\u00fdasyny\u0148 \u00fdolba\u015f\u00e7ylary we wekilleri, T\u00fcrkmenistanda akkreditirlenen diplomatik wekilhanalary\u0148 we halkara guramalaryny\u0148 wekilhanalaryny\u0148 \u00fdolba\u015f\u00e7ylary we i\u015fg\u00e4rleri, \u00fderli we da\u015fary \u00fdurt habar beri\u015f seri\u015fdelerini\u0148 wekilleri gatna\u015fdy. [&hellip;]<\/p>\n","protected":false},"author":2,"featured_media":116651,"comment_status":"open","ping_status":"closed","sticky":false,"template":"","format":"standard","meta":{"footnotes":""},"categories":[3],"tags":[],"acf":[],"_links":{"self":[{"href":"https:\/\/zamanturkmenistan.com.tm\/index.php?rest_route=\/wp\/v2\/posts\/116650"}],"collection":[{"href":"https:\/\/zamanturkmenistan.com.tm\/index.php?rest_route=\/wp\/v2\/posts"}],"about":[{"href":"https:\/\/zamanturkmenistan.com.tm\/index.php?rest_route=\/wp\/v2\/types\/post"}],"author":[{"embeddable":true,"href":"https:\/\/zamanturkmenistan.com.tm\/index.php?rest_route=\/wp\/v2\/users\/2"}],"replies":[{"embeddable":true,"href":"https:\/\/zamanturkmenistan.com.tm\/index.php?rest_route=%2Fwp%2Fv2%2Fcomments&post=116650"}],"version-history":[{"count":1,"href":"https:\/\/zamanturkmenistan.com.tm\/index.php?rest_route=\/wp\/v2\/posts\/116650\/revisions"}],"predecessor-version":[{"id":116652,"href":"https:\/\/zamanturkmenistan.com.tm\/index.php?rest_route=\/wp\/v2\/posts\/116650\/revisions\/116652"}],"wp:featuredmedia":[{"embeddable":true,"href":"https:\/\/zamanturkmenistan.com.tm\/index.php?rest_route=\/wp\/v2\/media\/116651"}],"wp:attachment":[{"href":"https:\/\/zamanturkmenistan.com.tm\/index.php?rest_route=%2Fwp%2Fv2%2Fmedia&parent=116650"}],"wp:term":[{"taxonomy":"category","embeddable":true,"href":"https:\/\/zamanturkmenistan.com.tm\/index.php?rest_route=%2Fwp%2Fv2%2Fcategories&post=116650"},{"taxonomy":"post_tag","embeddable":true,"href":"https:\/\/zamanturkmenistan.com.tm\/index.php?rest_route=%2Fwp%2Fv2%2Ftags&post=116650"}],"curies":[{"name":"wp","href":"https:\/\/api.w.org\/{rel}","templated":true}]}}