{"id":116773,"date":"2024-09-18T11:00:13","date_gmt":"2024-09-18T06:00:13","guid":{"rendered":"https:\/\/zamanturkmenistan.com.tm\/?p=116773"},"modified":"2024-09-18T11:12:00","modified_gmt":"2024-09-18T06:12:00","slug":"gibrid-is-tertibini-yatyrdy","status":"publish","type":"post","link":"https:\/\/zamanturkmenistan.com.tm\/?p=116773","title":{"rendered":"Gibrid i\u015f tertibini \u00fdatyrdy"},"content":{"rendered":"<p>Pandemi\u00fda d\u00f6wr\u00fcnde k\u00f6p \u00fderde uzak aralykdan i\u015flemek m\u00fcmkin\u00e7iligi d\u00f6redilip, hepd\u00e4ni\u0148 belli g\u00fcnleri \u00f6\u00fdden i\u015flemeli edilipdi. \u015ee\u00fdle kompani\u00fdalary\u0148 biri bolan \u201cAmazon\u201d hem uzak aralykdan, hem ofise baryp i\u015flen\u00fd\u00e4n gibrid i\u015f tertibi geljek \u00fdyldan ba\u015flap \u00fdatyrmak kararyna geldi. \u015ee\u00fdlelikde i\u015fg\u00e4rler \u00e4hli i\u015f g\u00fcnleri, \u00fdagny hepdede 5 g\u00fcn ofise barmaly bolarlar. H\u00e4zirki wagtda kompani\u00fdany\u0148 i\u015fg\u00e4rleri hepdede 3 g\u00fcn ofise bar\u00fdarlar. Kompani\u00fdany\u0148 \u00fdolba\u015f\u00e7ylary saglyk \u00fda-da be\u00fdleki \u00fdagda\u00fdlarda uzak aralykdan i\u015flenip bilinjekdigini belle\u00fd\u00e4rler.<\/p>\n","protected":false},"excerpt":{"rendered":"<p>Pandemi\u00fda d\u00f6wr\u00fcnde k\u00f6p \u00fderde uzak aralykdan i\u015flemek m\u00fcmkin\u00e7iligi d\u00f6redilip, hepd\u00e4ni\u0148 belli g\u00fcnleri \u00f6\u00fdden i\u015flemeli edilipdi. \u015ee\u00fdle kompani\u00fdalary\u0148 biri bolan \u201cAmazon\u201d hem uzak aralykdan, hem ofise baryp i\u015flen\u00fd\u00e4n gibrid i\u015f tertibi geljek \u00fdyldan ba\u015flap \u00fdatyrmak kararyna geldi. \u015ee\u00fdlelikde i\u015fg\u00e4rler \u00e4hli i\u015f g\u00fcnleri, \u00fdagny hepdede 5 g\u00fcn ofise barmaly bolarlar. H\u00e4zirki wagtda kompani\u00fdany\u0148 i\u015fg\u00e4rleri hepdede 3 g\u00fcn [&hellip;]<\/p>\n","protected":false},"author":2,"featured_media":116774,"comment_status":"open","ping_status":"closed","sticky":false,"template":"","format":"standard","meta":{"footnotes":""},"categories":[5],"tags":[],"acf":[],"_links":{"self":[{"href":"https:\/\/zamanturkmenistan.com.tm\/index.php?rest_route=\/wp\/v2\/posts\/116773"}],"collection":[{"href":"https:\/\/zamanturkmenistan.com.tm\/index.php?rest_route=\/wp\/v2\/posts"}],"about":[{"href":"https:\/\/zamanturkmenistan.com.tm\/index.php?rest_route=\/wp\/v2\/types\/post"}],"author":[{"embeddable":true,"href":"https:\/\/zamanturkmenistan.com.tm\/index.php?rest_route=\/wp\/v2\/users\/2"}],"replies":[{"embeddable":true,"href":"https:\/\/zamanturkmenistan.com.tm\/index.php?rest_route=%2Fwp%2Fv2%2Fcomments&post=116773"}],"version-history":[{"count":1,"href":"https:\/\/zamanturkmenistan.com.tm\/index.php?rest_route=\/wp\/v2\/posts\/116773\/revisions"}],"predecessor-version":[{"id":116775,"href":"https:\/\/zamanturkmenistan.com.tm\/index.php?rest_route=\/wp\/v2\/posts\/116773\/revisions\/116775"}],"wp:featuredmedia":[{"embeddable":true,"href":"https:\/\/zamanturkmenistan.com.tm\/index.php?rest_route=\/wp\/v2\/media\/116774"}],"wp:attachment":[{"href":"https:\/\/zamanturkmenistan.com.tm\/index.php?rest_route=%2Fwp%2Fv2%2Fmedia&parent=116773"}],"wp:term":[{"taxonomy":"category","embeddable":true,"href":"https:\/\/zamanturkmenistan.com.tm\/index.php?rest_route=%2Fwp%2Fv2%2Fcategories&post=116773"},{"taxonomy":"post_tag","embeddable":true,"href":"https:\/\/zamanturkmenistan.com.tm\/index.php?rest_route=%2Fwp%2Fv2%2Ftags&post=116773"}],"curies":[{"name":"wp","href":"https:\/\/api.w.org\/{rel}","templated":true}]}}