{"id":116779,"date":"2024-09-18T14:35:53","date_gmt":"2024-09-18T09:35:53","guid":{"rendered":"https:\/\/zamanturkmenistan.com.tm\/?p=116779"},"modified":"2024-09-18T14:37:28","modified_gmt":"2024-09-18T09:37:28","slug":"medeniyet-merkezinde-pars-sygryyeti-we-edebiyaty-guni-gecirildi","status":"publish","type":"post","link":"https:\/\/zamanturkmenistan.com.tm\/?p=116779","title":{"rendered":"Medeni\u00fdet merkezinde pars \u015fygry\u00fdeti we edebi\u00fdaty g\u00fcni ge\u00e7irildi"},"content":{"rendered":"<p>17-nji sent\u00fdabrda E\u00fdran Yslam Respublikasyny\u0148 A\u015fgabatdaky Medeni\u00fdet merkezinde \u201cPars \u015fygry\u00fdeti we edebi\u00fdaty we \u015e\u00e4hri\u00fdary \u00fdatlama g\u00fcni\u201d dabaraly bellenip ge\u00e7ildi. Bu \u00e7\u00e4r\u00e4 Magtymguly adyndaky T\u00fcrkmen d\u00f6wlet uniwersitetini\u0148 hem-de D\u00f6wletm\u00e4mmet Azady adyndaky T\u00fcrkmen milli d\u00fcn\u00fd\u00e4 dilleri institutyny\u0148 pars dili we edebi\u00fdaty h\u00fcn\u00e4rini\u0148 mugallymlary we talyplary, \u015fe\u00fdle hem merkezde bilim al\u00fdan pars dilini \u00f6wrenijiler, habar beri\u015f seri\u015fdelerini\u0148 wekilleri gatna\u015fdy.<br \/>\n\u00c7\u00e4rede E\u00fdran Yslam Respublikasyny\u0148 T\u00fcrkmenistandaky il\u00e7isi jenap Ali Mojtaba Ruzbahani, E\u00fdrany\u0148 T\u00fcrkmenistandaky il\u00e7ihanasyny\u0148 medeni\u00fdet meseleleri bo\u00fdun\u00e7a ge\u0148e\u015f\u00e7isi Nawid Rasuli, il\u00e7ihanany\u0148 i\u015fg\u00e4rleri, Magtymguly adyndaky T\u00fcrkmen d\u00f6wlet uniwersitetini\u0148 G\u00fcndogar dilleri kafedrasyny\u0148 m\u00fcdiri Sona Anna\u00fdewa, D\u00f6wletm\u00e4mmet Azady adyndaky T\u00fcrkmen milli d\u00fcn\u00fd\u00e4 dilleri institutyny\u0148 \u00fdakyn G\u00fcndogar dilleri kafedrasyny\u0148 m\u00fcdiri Bahar Atany\u00fdazowa dagy t\u00fcrkmen we e\u00fdran halklaryny\u0148 arasyndaky dostlukly gatna\u015fyklar, \u015fygry\u00fdet we edebi\u00fdat, dil we medeni umumylyklar barada t\u00e4sirli \u00e7yky\u015f etdiler.<br \/>\n\u00c7\u00e4r\u00e4ni\u0148 dowamynda ussat pars we azerba\u00fdjan \u015fahyry Se\u00fdid Muhammet Huse\u00fdin \u015e\u00e4hri\u00fdary\u0148 \u00f6mri we d\u00f6redijiligine bagy\u015flanan wideo\u015fekil g\u00f6rkezildi. \u015ee\u00fdle-de Gahryman Arkadagymyzy\u0148 \u201cEn\u00e4 tagzym \u2013 Mukaddeslige tagzym\u201d atly eserinden kompozisi\u00fda, Ir\u00e4j Mirzany\u0148 \u201cEne m\u00e4hri\u201d go\u015fgusy labyzly \u00fderine \u00fdetirildi. E\u00fdrany\u0148 Medeni\u00fdet merkezini\u0148 pars dilini \u00f6wrenijileri tarapyndan \u00fderine \u00fdetirilen g\u00fclk\u00fcli sahna o\u00fdunlary \u00e7\u00e4r\u00e4 gatna\u015fyjylarda \u00fdakymly t\u00e4sir galdyrdy.<\/p>\n<p><img decoding=\"async\" loading=\"lazy\" class=\"aligncenter wp-image-116781 size-full\" src=\"https:\/\/zamanturkmenistan.com.tm\/wp-content\/uploads\/2024\/09\/seyid-muhammet-huseyin-shahriyari-azerbaijan-and-iran-poet-5X2A8309.jpg\" alt=\"\" width=\"1500\" height=\"698\" srcset=\"https:\/\/zamanturkmenistan.com.tm\/wp-content\/uploads\/2024\/09\/seyid-muhammet-huseyin-shahriyari-azerbaijan-and-iran-poet-5X2A8309.jpg 1500w, https:\/\/zamanturkmenistan.com.tm\/wp-content\/uploads\/2024\/09\/seyid-muhammet-huseyin-shahriyari-azerbaijan-and-iran-poet-5X2A8309-300x140.jpg 300w, https:\/\/zamanturkmenistan.com.tm\/wp-content\/uploads\/2024\/09\/seyid-muhammet-huseyin-shahriyari-azerbaijan-and-iran-poet-5X2A8309-1024x477.jpg 1024w, https:\/\/zamanturkmenistan.com.tm\/wp-content\/uploads\/2024\/09\/seyid-muhammet-huseyin-shahriyari-azerbaijan-and-iran-poet-5X2A8309-768x357.jpg 768w, https:\/\/zamanturkmenistan.com.tm\/wp-content\/uploads\/2024\/09\/seyid-muhammet-huseyin-shahriyari-azerbaijan-and-iran-poet-5X2A8309-696x324.jpg 696w, https:\/\/zamanturkmenistan.com.tm\/wp-content\/uploads\/2024\/09\/seyid-muhammet-huseyin-shahriyari-azerbaijan-and-iran-poet-5X2A8309-1068x497.jpg 1068w, https:\/\/zamanturkmenistan.com.tm\/wp-content\/uploads\/2024\/09\/seyid-muhammet-huseyin-shahriyari-azerbaijan-and-iran-poet-5X2A8309-903x420.jpg 903w\" sizes=\"(max-width: 1500px) 100vw, 1500px\" \/><\/p>\n<p>\u015ee\u00fdle hem Magtymguly adyndaky T\u00fcrkmen d\u00f6wlet uniwersitetini\u0148 hem-de D\u00f6wletm\u00e4mmet Azady adyndaky T\u00fcrkmen milli d\u00fcn\u00fd\u00e4 dilleri institutyny\u0148 pars dili we edebi\u00fdaty h\u00fcn\u00e4rini\u0148 talyplary we E\u00fdrany\u0148 Medeni\u00fdet merkezini\u0148 pars dilini \u00f6wrenijileri tarapyndan Magtymguly Pyragyny\u0148 hem-de \u015e\u00e4hri\u00fdary\u0148 go\u015fgularyny\u0148 labyzly okalyp, go\u015fgularyna d\u00f6redilen a\u00fddymlary\u0148 \u00fderine \u00fdetirilmegi \u00e7\u00e4r\u00e4ni\u0148 esasy wakalaryny\u0148 biri boldy. Dabarany\u0148 so\u0148unda \u00e7yky\u015f edenleri\u0148 \u00e4hlisine E\u00fdrany\u0148 Medeni\u00fdet merkezi tarapyndan \u00fdadyg\u00e4rlik sowgatlar, pars dilini \u00fcst\u00fcnlikli tamamlan pars dilini \u00f6wrenijilere g\u00fcwanamalar gow\u015furyldy.<\/p>\n","protected":false},"excerpt":{"rendered":"<p>17-nji sent\u00fdabrda E\u00fdran Yslam Respublikasyny\u0148 A\u015fgabatdaky Medeni\u00fdet merkezinde \u201cPars \u015fygry\u00fdeti we edebi\u00fdaty we \u015e\u00e4hri\u00fdary \u00fdatlama g\u00fcni\u201d dabaraly bellenip ge\u00e7ildi. Bu \u00e7\u00e4r\u00e4 Magtymguly adyndaky T\u00fcrkmen d\u00f6wlet uniwersitetini\u0148 hem-de D\u00f6wletm\u00e4mmet Azady adyndaky T\u00fcrkmen milli d\u00fcn\u00fd\u00e4 dilleri institutyny\u0148 pars dili we edebi\u00fdaty h\u00fcn\u00e4rini\u0148 mugallymlary we talyplary, \u015fe\u00fdle hem merkezde bilim al\u00fdan pars dilini \u00f6wrenijiler, habar beri\u015f seri\u015fdelerini\u0148 wekilleri [&hellip;]<\/p>\n","protected":false},"author":2,"featured_media":116780,"comment_status":"open","ping_status":"closed","sticky":false,"template":"","format":"standard","meta":{"footnotes":""},"categories":[11,3],"tags":[],"acf":[],"_links":{"self":[{"href":"https:\/\/zamanturkmenistan.com.tm\/index.php?rest_route=\/wp\/v2\/posts\/116779"}],"collection":[{"href":"https:\/\/zamanturkmenistan.com.tm\/index.php?rest_route=\/wp\/v2\/posts"}],"about":[{"href":"https:\/\/zamanturkmenistan.com.tm\/index.php?rest_route=\/wp\/v2\/types\/post"}],"author":[{"embeddable":true,"href":"https:\/\/zamanturkmenistan.com.tm\/index.php?rest_route=\/wp\/v2\/users\/2"}],"replies":[{"embeddable":true,"href":"https:\/\/zamanturkmenistan.com.tm\/index.php?rest_route=%2Fwp%2Fv2%2Fcomments&post=116779"}],"version-history":[{"count":1,"href":"https:\/\/zamanturkmenistan.com.tm\/index.php?rest_route=\/wp\/v2\/posts\/116779\/revisions"}],"predecessor-version":[{"id":116782,"href":"https:\/\/zamanturkmenistan.com.tm\/index.php?rest_route=\/wp\/v2\/posts\/116779\/revisions\/116782"}],"wp:featuredmedia":[{"embeddable":true,"href":"https:\/\/zamanturkmenistan.com.tm\/index.php?rest_route=\/wp\/v2\/media\/116780"}],"wp:attachment":[{"href":"https:\/\/zamanturkmenistan.com.tm\/index.php?rest_route=%2Fwp%2Fv2%2Fmedia&parent=116779"}],"wp:term":[{"taxonomy":"category","embeddable":true,"href":"https:\/\/zamanturkmenistan.com.tm\/index.php?rest_route=%2Fwp%2Fv2%2Fcategories&post=116779"},{"taxonomy":"post_tag","embeddable":true,"href":"https:\/\/zamanturkmenistan.com.tm\/index.php?rest_route=%2Fwp%2Fv2%2Ftags&post=116779"}],"curies":[{"name":"wp","href":"https:\/\/api.w.org\/{rel}","templated":true}]}}