{"id":116785,"date":"2024-09-18T10:57:41","date_gmt":"2024-09-18T05:57:41","guid":{"rendered":"https:\/\/zamanturkmenistan.com.tm\/?p=116785"},"modified":"2024-09-18T17:09:26","modified_gmt":"2024-09-18T12:09:26","slug":"burgut-awcylykda-ulanylyan-yyrtyjy-gus","status":"publish","type":"post","link":"https:\/\/zamanturkmenistan.com.tm\/?p=116785","title":{"rendered":"B\u00fcrg\u00fct \u2013 aw\u00e7ylykda ulanyl\u00fdan \u00fdyrtyjy gu\u015f"},"content":{"rendered":"<p>B\u00fcrg\u00fct (\u201caquila chrysaetos\u201d) gyrgylar ma\u015fgalasyna degi\u015fli bolup, dag eteklerini\u0148 ar\u00e7alyk zolaklarynda, \u00e7\u00f6l\u00fc\u0148 sazaklyklarynda, der\u00fda j\u00fclgelerinde, harabalyklarda \u00fda\u015fa\u00fdar. B\u00fcrg\u00fct uly, \u00fdyrtyjy gu\u015flara degi\u015flidir. Bedenini\u0148 uzynlygy 80\u201393 sm. Bedenini\u0148 umumy re\u0148ki go\u00fdy go\u0148ur, \u00fde\u0148sesind\u00e4ki uzyn \u00fdelekleri go\u00fdy \u00e7ypar re\u0148klidir. D\u00f6\u015f\u00fcni\u0148 re\u0148ki arkasyna garany\u0148da a\u00e7ygrak bol\u00fdar. Ak re\u0148kli gu\u00fdruklaryny\u0148 i\u00e7inden inli gara zolak ge\u00e7\u00fd\u00e4r. Ganatyny\u0148 uly \u00fdelekleri gara re\u0148klidir Ganatlaryny\u0148 uzynlygy 60\u201370 sm-e \u00fdet\u00fd\u00e4r. B\u00fcrg\u00fctler h\u00f6w\u00fcrtge gurup \u00fda\u015fa\u00fdan oturymly gu\u015fdur. \u00ddyrtyjy gu\u015flary\u0148 bu g\u00f6rn\u00fc\u015fi h\u00f6w\u00fcrtgesini daglarda \u2013 kert ga\u00fdalary\u0148 er\u0148eklerinde we ar\u00e7alyklarda, \u00e7\u00f6lde sazaklykda, s\u00f6zenlikde harabalary\u0148 diwarlarynda gur\u00fdar. Ol h\u00f6w\u00fcrtge gur\u00fdan \u00fderinde k\u00f6p \u00fdyllap \u00fda\u015fa\u00fdar. I\u00fdmit azalan \u00fdagda\u00fdynda \u00fda\u015fa\u00fdan \u00fderini terk etme\u00fd\u00e4r. B\u00fcrg\u00fct k\u00f6pel\u00fd\u00e4n d\u00f6wr\u00fcnde adat\u00e7a, 2\u20133 \u00fdumurtga go\u00fd\u00fdar. \u00ddumurtgany 45 g\u00fcn bas\u00fdar, aprelde j\u00fc\u00fdjele\u00fd\u00e4r. J\u00fc\u00fdjeler 70 g\u00fcnl\u00fck bolanlarynda h\u00f6w\u00fcrtgeden u\u00e7up gid\u00fd\u00e4rler. B\u00fcrg\u00fct ownuk o\u0148urgaly ha\u00fdwanlar (kirpi, tow\u015fan, alaka, suwulgan, ha\u017e\u017eyk, py\u015fdyl we be\u00fdlekiler) bilen i\u00fdmitlen\u00fd\u00e4r. Ol \u00f6r\u00e4n ir wagtlardan b\u00e4ri aw\u00e7ylykda ulanyl\u00fdan gu\u015flary\u0148 biridir.<br \/>\nBu gu\u015f T\u00fcrkmenistanda \u2013 Hazar de\u0148zini\u0148 G\u00fcnorta-g\u00fcndogar kenarynda, Uly we Ki\u00e7i Balkanda, K\u00f6petdagda, K\u00f6\u00fdtendagda, Bathyzda, \u00dcst\u00fdurtda, Ze\u0148\u0148ibabada, T\u00e4rimga\u00fdada, Garagumda we Amyder\u00fdany\u0148 orta akymynda du\u015f gel\u00fd\u00e4r. B\u00fcrg\u00fct se\u00fdrek g\u00f6rn\u00fc\u015f bolany \u00fc\u00e7in, T\u00fcrkmenistany\u0148 Gyzyl kitabyna girizildi. Ol T\u00fcrkmenistany\u0148 \u00e4hli d\u00f6wlet goraghanalarynda we \u00e7\u00e4kli goraghanalarynda goral\u00fdar.<\/p>\n<p style=\"text-align: right;\"><strong>Rejepg\u00fcl Huddy\u00fdewa, T\u00fcrkmenistany\u0148 Tebigaty Goramak jemgy\u00fdetini\u0148 Lebap wela\u00fdat b\u00f6l\u00fcmini\u0148 h\u00fcn\u00e4rmeni.<\/strong><\/p>\n","protected":false},"excerpt":{"rendered":"<p>B\u00fcrg\u00fct (\u201caquila chrysaetos\u201d) gyrgylar ma\u015fgalasyna degi\u015fli bolup, dag eteklerini\u0148 ar\u00e7alyk zolaklarynda, \u00e7\u00f6l\u00fc\u0148 sazaklyklarynda, der\u00fda j\u00fclgelerinde, harabalyklarda \u00fda\u015fa\u00fdar. B\u00fcrg\u00fct uly, \u00fdyrtyjy gu\u015flara degi\u015flidir. Bedenini\u0148 uzynlygy 80\u201393 sm. Bedenini\u0148 umumy re\u0148ki go\u00fdy go\u0148ur, \u00fde\u0148sesind\u00e4ki uzyn \u00fdelekleri go\u00fdy \u00e7ypar re\u0148klidir. D\u00f6\u015f\u00fcni\u0148 re\u0148ki arkasyna garany\u0148da a\u00e7ygrak bol\u00fdar. Ak re\u0148kli gu\u00fdruklaryny\u0148 i\u00e7inden inli gara zolak ge\u00e7\u00fd\u00e4r. Ganatyny\u0148 uly \u00fdelekleri gara [&hellip;]<\/p>\n","protected":false},"author":2,"featured_media":116786,"comment_status":"open","ping_status":"closed","sticky":false,"template":"","format":"standard","meta":{"footnotes":""},"categories":[301],"tags":[],"acf":[],"_links":{"self":[{"href":"https:\/\/zamanturkmenistan.com.tm\/index.php?rest_route=\/wp\/v2\/posts\/116785"}],"collection":[{"href":"https:\/\/zamanturkmenistan.com.tm\/index.php?rest_route=\/wp\/v2\/posts"}],"about":[{"href":"https:\/\/zamanturkmenistan.com.tm\/index.php?rest_route=\/wp\/v2\/types\/post"}],"author":[{"embeddable":true,"href":"https:\/\/zamanturkmenistan.com.tm\/index.php?rest_route=\/wp\/v2\/users\/2"}],"replies":[{"embeddable":true,"href":"https:\/\/zamanturkmenistan.com.tm\/index.php?rest_route=%2Fwp%2Fv2%2Fcomments&post=116785"}],"version-history":[{"count":2,"href":"https:\/\/zamanturkmenistan.com.tm\/index.php?rest_route=\/wp\/v2\/posts\/116785\/revisions"}],"predecessor-version":[{"id":116794,"href":"https:\/\/zamanturkmenistan.com.tm\/index.php?rest_route=\/wp\/v2\/posts\/116785\/revisions\/116794"}],"wp:featuredmedia":[{"embeddable":true,"href":"https:\/\/zamanturkmenistan.com.tm\/index.php?rest_route=\/wp\/v2\/media\/116786"}],"wp:attachment":[{"href":"https:\/\/zamanturkmenistan.com.tm\/index.php?rest_route=%2Fwp%2Fv2%2Fmedia&parent=116785"}],"wp:term":[{"taxonomy":"category","embeddable":true,"href":"https:\/\/zamanturkmenistan.com.tm\/index.php?rest_route=%2Fwp%2Fv2%2Fcategories&post=116785"},{"taxonomy":"post_tag","embeddable":true,"href":"https:\/\/zamanturkmenistan.com.tm\/index.php?rest_route=%2Fwp%2Fv2%2Ftags&post=116785"}],"curies":[{"name":"wp","href":"https:\/\/api.w.org\/{rel}","templated":true}]}}