{"id":116833,"date":"2024-09-19T12:56:41","date_gmt":"2024-09-19T07:56:41","guid":{"rendered":"https:\/\/zamanturkmenistan.com.tm\/?p=116833"},"modified":"2024-09-19T12:56:41","modified_gmt":"2024-09-19T07:56:41","slug":"hytay-halk-respublikasynyn-turkmenistandaky-ilcisi-bilen-dususyk","status":"publish","type":"post","link":"https:\/\/zamanturkmenistan.com.tm\/?p=116833","title":{"rendered":"Hyta\u00fd Halk Respublikasyny\u0148 T\u00fcrkmenistandaky Il\u00e7isi bilen du\u015fu\u015fyk"},"content":{"rendered":"<p>18-nji sent\u00fdabrda T\u00fcrkmenistany\u0148 DIM-nde T\u00fcrkmenistany\u0148 Da\u015fary i\u015fler ministri Ra\u015fid Meredowy\u0148 Hyta\u00fd Halk Respublikasyny\u0148 T\u00fcrkmenistandaky Adatdan da\u015fary we Doly ygty\u00fdarly Il\u00e7isi S\u00fdan Na\u00fd\u00e7en bilen du\u0219u\u015fygy ge\u00e7irildi.<br \/>\nDu\u015fu\u015fygy\u0148 dowamynda taraplar sy\u00fdasy, s\u00f6wda-ykdysady we medeni-ynsanperwer ugurlarda ikitarapla\u00fdyn hyzmatda\u015flygy\u0148 m\u00f6h\u00fcm taraplaryny ara alyp maslahatla\u015fdylar.<br \/>\nS\u00f6hbetde\u015fler \u00abMerkezi Azi\u00fda \u2013 Hyta\u00fd\u00bb formatyndaky hyzmatda\u015flygy\u0148 netijeligini bellediler. \u015eu \u00fdyl me\u00fdille\u015fdiril\u00fd\u00e4n bilelikd\u00e4ki \u00e7\u00e4relere ta\u00fd\u00fdarlyk meselelerine hem garaldy.<\/p>\n","protected":false},"excerpt":{"rendered":"<p>18-nji sent\u00fdabrda T\u00fcrkmenistany\u0148 DIM-nde T\u00fcrkmenistany\u0148 Da\u015fary i\u015fler ministri Ra\u015fid Meredowy\u0148 Hyta\u00fd Halk Respublikasyny\u0148 T\u00fcrkmenistandaky Adatdan da\u015fary we Doly ygty\u00fdarly Il\u00e7isi S\u00fdan Na\u00fd\u00e7en bilen du\u0219u\u015fygy ge\u00e7irildi. Du\u015fu\u015fygy\u0148 dowamynda taraplar sy\u00fdasy, s\u00f6wda-ykdysady we medeni-ynsanperwer ugurlarda ikitarapla\u00fdyn hyzmatda\u015flygy\u0148 m\u00f6h\u00fcm taraplaryny ara alyp maslahatla\u015fdylar. S\u00f6hbetde\u015fler \u00abMerkezi Azi\u00fda \u2013 Hyta\u00fd\u00bb formatyndaky hyzmatda\u015flygy\u0148 netijeligini bellediler. \u015eu \u00fdyl me\u00fdille\u015fdiril\u00fd\u00e4n bilelikd\u00e4ki \u00e7\u00e4relere ta\u00fd\u00fdarlyk [&hellip;]<\/p>\n","protected":false},"author":2,"featured_media":116834,"comment_status":"open","ping_status":"closed","sticky":false,"template":"","format":"standard","meta":{"footnotes":""},"categories":[3],"tags":[],"acf":[],"_links":{"self":[{"href":"https:\/\/zamanturkmenistan.com.tm\/index.php?rest_route=\/wp\/v2\/posts\/116833"}],"collection":[{"href":"https:\/\/zamanturkmenistan.com.tm\/index.php?rest_route=\/wp\/v2\/posts"}],"about":[{"href":"https:\/\/zamanturkmenistan.com.tm\/index.php?rest_route=\/wp\/v2\/types\/post"}],"author":[{"embeddable":true,"href":"https:\/\/zamanturkmenistan.com.tm\/index.php?rest_route=\/wp\/v2\/users\/2"}],"replies":[{"embeddable":true,"href":"https:\/\/zamanturkmenistan.com.tm\/index.php?rest_route=%2Fwp%2Fv2%2Fcomments&post=116833"}],"version-history":[{"count":1,"href":"https:\/\/zamanturkmenistan.com.tm\/index.php?rest_route=\/wp\/v2\/posts\/116833\/revisions"}],"predecessor-version":[{"id":116835,"href":"https:\/\/zamanturkmenistan.com.tm\/index.php?rest_route=\/wp\/v2\/posts\/116833\/revisions\/116835"}],"wp:featuredmedia":[{"embeddable":true,"href":"https:\/\/zamanturkmenistan.com.tm\/index.php?rest_route=\/wp\/v2\/media\/116834"}],"wp:attachment":[{"href":"https:\/\/zamanturkmenistan.com.tm\/index.php?rest_route=%2Fwp%2Fv2%2Fmedia&parent=116833"}],"wp:term":[{"taxonomy":"category","embeddable":true,"href":"https:\/\/zamanturkmenistan.com.tm\/index.php?rest_route=%2Fwp%2Fv2%2Fcategories&post=116833"},{"taxonomy":"post_tag","embeddable":true,"href":"https:\/\/zamanturkmenistan.com.tm\/index.php?rest_route=%2Fwp%2Fv2%2Ftags&post=116833"}],"curies":[{"name":"wp","href":"https:\/\/api.w.org\/{rel}","templated":true}]}}