{"id":116842,"date":"2024-09-19T13:04:00","date_gmt":"2024-09-19T08:04:00","guid":{"rendered":"https:\/\/zamanturkmenistan.com.tm\/?p=116842"},"modified":"2024-09-19T13:04:00","modified_gmt":"2024-09-19T08:04:00","slug":"turkmen-mongol-gun-tertibinin-wajyp-meselelerine-garaldy","status":"publish","type":"post","link":"https:\/\/zamanturkmenistan.com.tm\/?p=116842","title":{"rendered":"T\u00fcrkmen-mongol g\u00fcn tertibini\u0148 wajyp meselelerine garaldy"},"content":{"rendered":"<p>18-nji sent\u00fdabrda T\u00fcrkmenistany\u0148 Da\u015fary i\u015fler ministri Ra\u015fid Meredow Mongoli\u00fdany\u0148 T\u00fcrkmenistandaky Adatdan da\u015fary we Doly ygty\u00fdarly Il\u00e7isi (otur\u00fdan \u00fderi Astana \u015f.) Dorj Ba\u00fdarhuu bilen du\u015fu\u015fdy.<br \/>\nTaraplar ikitarapla\u00fdyn hyzmatda\u015flygy\u0148 h\u00e4zirki \u00fdagda\u00fdyny hem-de T\u00fcrkmenistany\u0148 we Mongoli\u00fdany\u0148 da\u015fary sy\u00fdasy edaralaryny\u0148 \u00fcsti bilen \u00f6sd\u00fcrmegi\u0148 geljegini ara alyp maslahatla\u015fdylar.<br \/>\nDu\u015fu\u015fygy\u0148 dowamynda \u00f6zara gyzyklanma bildiril\u00fd\u00e4n ugurlar bo\u00fdun\u00e7a ikitarapla\u00fdyn gatna\u015fyklary mundan be\u00fdl\u00e4k-de \u00f6sd\u00fcrm\u00e4ge ygrarlylyk be\u00fdan edildi.<br \/>\nTaraplar \u015fu \u00fdyly\u0148 g\u00fc\u00fdz\u00fcnde Mongoli\u00fdany\u0148 Prezidenti Uhnaagi\u00fdn Hurelsuhy\u0148 T\u00fcrkmenistana amala a\u015fyrjak d\u00f6wlet saparyna ta\u00fd\u00fdarlyk i\u015flerine a\u00fdratyn \u00fcns berdiler.<\/p>\n","protected":false},"excerpt":{"rendered":"<p>18-nji sent\u00fdabrda T\u00fcrkmenistany\u0148 Da\u015fary i\u015fler ministri Ra\u015fid Meredow Mongoli\u00fdany\u0148 T\u00fcrkmenistandaky Adatdan da\u015fary we Doly ygty\u00fdarly Il\u00e7isi (otur\u00fdan \u00fderi Astana \u015f.) Dorj Ba\u00fdarhuu bilen du\u015fu\u015fdy. Taraplar ikitarapla\u00fdyn hyzmatda\u015flygy\u0148 h\u00e4zirki \u00fdagda\u00fdyny hem-de T\u00fcrkmenistany\u0148 we Mongoli\u00fdany\u0148 da\u015fary sy\u00fdasy edaralaryny\u0148 \u00fcsti bilen \u00f6sd\u00fcrmegi\u0148 geljegini ara alyp maslahatla\u015fdylar. Du\u015fu\u015fygy\u0148 dowamynda \u00f6zara gyzyklanma bildiril\u00fd\u00e4n ugurlar bo\u00fdun\u00e7a ikitarapla\u00fdyn gatna\u015fyklary mundan be\u00fdl\u00e4k-de \u00f6sd\u00fcrm\u00e4ge [&hellip;]<\/p>\n","protected":false},"author":2,"featured_media":116843,"comment_status":"open","ping_status":"closed","sticky":false,"template":"","format":"standard","meta":{"footnotes":""},"categories":[3],"tags":[],"acf":[],"_links":{"self":[{"href":"https:\/\/zamanturkmenistan.com.tm\/index.php?rest_route=\/wp\/v2\/posts\/116842"}],"collection":[{"href":"https:\/\/zamanturkmenistan.com.tm\/index.php?rest_route=\/wp\/v2\/posts"}],"about":[{"href":"https:\/\/zamanturkmenistan.com.tm\/index.php?rest_route=\/wp\/v2\/types\/post"}],"author":[{"embeddable":true,"href":"https:\/\/zamanturkmenistan.com.tm\/index.php?rest_route=\/wp\/v2\/users\/2"}],"replies":[{"embeddable":true,"href":"https:\/\/zamanturkmenistan.com.tm\/index.php?rest_route=%2Fwp%2Fv2%2Fcomments&post=116842"}],"version-history":[{"count":1,"href":"https:\/\/zamanturkmenistan.com.tm\/index.php?rest_route=\/wp\/v2\/posts\/116842\/revisions"}],"predecessor-version":[{"id":116844,"href":"https:\/\/zamanturkmenistan.com.tm\/index.php?rest_route=\/wp\/v2\/posts\/116842\/revisions\/116844"}],"wp:featuredmedia":[{"embeddable":true,"href":"https:\/\/zamanturkmenistan.com.tm\/index.php?rest_route=\/wp\/v2\/media\/116843"}],"wp:attachment":[{"href":"https:\/\/zamanturkmenistan.com.tm\/index.php?rest_route=%2Fwp%2Fv2%2Fmedia&parent=116842"}],"wp:term":[{"taxonomy":"category","embeddable":true,"href":"https:\/\/zamanturkmenistan.com.tm\/index.php?rest_route=%2Fwp%2Fv2%2Fcategories&post=116842"},{"taxonomy":"post_tag","embeddable":true,"href":"https:\/\/zamanturkmenistan.com.tm\/index.php?rest_route=%2Fwp%2Fv2%2Ftags&post=116842"}],"curies":[{"name":"wp","href":"https:\/\/api.w.org\/{rel}","templated":true}]}}