{"id":116845,"date":"2024-09-19T13:06:14","date_gmt":"2024-09-19T08:06:14","guid":{"rendered":"https:\/\/zamanturkmenistan.com.tm\/?p=116845"},"modified":"2024-09-19T13:06:14","modified_gmt":"2024-09-19T08:06:14","slug":"bmg-nin-merkezi-aziya-ucin-onuni-alys-diplomatiyasy-boyunca-sebit-merkezinin-arasyndaky-hyzmatdaslyk-meseleleri-maslahatlasyldy","status":"publish","type":"post","link":"https:\/\/zamanturkmenistan.com.tm\/?p=116845","title":{"rendered":"BMG-ni\u0148 Merkezi Azi\u00fda \u00fc\u00e7in \u00f6\u0148\u00fcni aly\u015f diplomati\u00fdasy bo\u00fdun\u00e7a sebit merkezini\u0148 arasyndaky hyzmatda\u015flyk meseleleri maslahatla\u015fyldy"},"content":{"rendered":"<p>18-nji sent\u00fdabrda T\u00fcrkmenistany\u0148 Da\u015fary i\u015fler ministri Ra\u015fid Meredowy\u0148 Birle\u015fen Milletler Guramasyny\u0148 Ba\u015f sekretaryny\u0148 \u00fd\u00f6rite wekili, BMG-ni\u0148 Merkezi Azi\u00fda \u00fc\u00e7in \u00f6\u0148\u00fcni aly\u015f diplomati\u00fdasy bo\u00fdun\u00e7a sebit merkezini\u0148 \u00fdolba\u015f\u00e7ysy Kaha Imnadze bilen du\u015fu\u015fygy ge\u00e7irildi.<br \/>\nDu\u015fu\u015fygy\u0148 bar\u015fynda taraplar hyzmatda\u015flygy\u0148 wajyp meselelerini, hususan-da T\u00fcrkmenistany\u0148 gatna\u015fmagynda UNRCCA-ny\u0148 taslamalaryny\u0148 we maksatnamalaryny\u0148 durmu\u015fa ge\u00e7irili\u015fini ara alyp maslahatla\u015fdylar.<br \/>\n\u015ee\u00fdle hem BMG-ni\u0148 Ba\u015f Assamble\u00fdasyny\u0148 79-njy mejlisini\u0148 i\u015fini ba\u015flamagy bilen baglany\u015fykly T\u00fcrkmenistan bilen BMG-ni\u0148 arasyndaky k\u00f6pugurly hyzmatda\u015flygy\u0148 \u00e4hmi\u00fdeti bellendi.<br \/>\nUNRCCA bilen sebiti\u0148 d\u00f6wletlerini\u0148 arasyndaky hyzmatda\u015flygy gi\u0148eltmegi\u0148 m\u00fcmkin\u00e7iliklerine a\u00fdratyn \u00fcns berildi.<\/p>\n","protected":false},"excerpt":{"rendered":"<p>18-nji sent\u00fdabrda T\u00fcrkmenistany\u0148 Da\u015fary i\u015fler ministri Ra\u015fid Meredowy\u0148 Birle\u015fen Milletler Guramasyny\u0148 Ba\u015f sekretaryny\u0148 \u00fd\u00f6rite wekili, BMG-ni\u0148 Merkezi Azi\u00fda \u00fc\u00e7in \u00f6\u0148\u00fcni aly\u015f diplomati\u00fdasy bo\u00fdun\u00e7a sebit merkezini\u0148 \u00fdolba\u015f\u00e7ysy Kaha Imnadze bilen du\u015fu\u015fygy ge\u00e7irildi. Du\u015fu\u015fygy\u0148 bar\u015fynda taraplar hyzmatda\u015flygy\u0148 wajyp meselelerini, hususan-da T\u00fcrkmenistany\u0148 gatna\u015fmagynda UNRCCA-ny\u0148 taslamalaryny\u0148 we maksatnamalaryny\u0148 durmu\u015fa ge\u00e7irili\u015fini ara alyp maslahatla\u015fdylar. \u015ee\u00fdle hem BMG-ni\u0148 Ba\u015f Assamble\u00fdasyny\u0148 79-njy [&hellip;]<\/p>\n","protected":false},"author":2,"featured_media":116846,"comment_status":"open","ping_status":"closed","sticky":false,"template":"","format":"standard","meta":{"footnotes":""},"categories":[3],"tags":[],"acf":[],"_links":{"self":[{"href":"https:\/\/zamanturkmenistan.com.tm\/index.php?rest_route=\/wp\/v2\/posts\/116845"}],"collection":[{"href":"https:\/\/zamanturkmenistan.com.tm\/index.php?rest_route=\/wp\/v2\/posts"}],"about":[{"href":"https:\/\/zamanturkmenistan.com.tm\/index.php?rest_route=\/wp\/v2\/types\/post"}],"author":[{"embeddable":true,"href":"https:\/\/zamanturkmenistan.com.tm\/index.php?rest_route=\/wp\/v2\/users\/2"}],"replies":[{"embeddable":true,"href":"https:\/\/zamanturkmenistan.com.tm\/index.php?rest_route=%2Fwp%2Fv2%2Fcomments&post=116845"}],"version-history":[{"count":1,"href":"https:\/\/zamanturkmenistan.com.tm\/index.php?rest_route=\/wp\/v2\/posts\/116845\/revisions"}],"predecessor-version":[{"id":116847,"href":"https:\/\/zamanturkmenistan.com.tm\/index.php?rest_route=\/wp\/v2\/posts\/116845\/revisions\/116847"}],"wp:featuredmedia":[{"embeddable":true,"href":"https:\/\/zamanturkmenistan.com.tm\/index.php?rest_route=\/wp\/v2\/media\/116846"}],"wp:attachment":[{"href":"https:\/\/zamanturkmenistan.com.tm\/index.php?rest_route=%2Fwp%2Fv2%2Fmedia&parent=116845"}],"wp:term":[{"taxonomy":"category","embeddable":true,"href":"https:\/\/zamanturkmenistan.com.tm\/index.php?rest_route=%2Fwp%2Fv2%2Fcategories&post=116845"},{"taxonomy":"post_tag","embeddable":true,"href":"https:\/\/zamanturkmenistan.com.tm\/index.php?rest_route=%2Fwp%2Fv2%2Ftags&post=116845"}],"curies":[{"name":"wp","href":"https:\/\/api.w.org\/{rel}","templated":true}]}}