{"id":116860,"date":"2024-09-19T15:07:10","date_gmt":"2024-09-19T10:07:10","guid":{"rendered":"https:\/\/zamanturkmenistan.com.tm\/?p=116860"},"modified":"2024-09-19T15:07:10","modified_gmt":"2024-09-19T10:07:10","slug":"merkezi-aziyany-owrenis-halkara-institutynyn-direktory-bilen-dususyk-hakynda","status":"publish","type":"post","link":"https:\/\/zamanturkmenistan.com.tm\/?p=116860","title":{"rendered":"Merkezi Azi\u00fdany \u00f6wreni\u015f halkara institutyny\u0148 direktory bilen du\u015fu\u015fyk hakynda"},"content":{"rendered":"<p>18-nji sent\u00fdabrda T\u00fcrkmenistany\u0148 Da\u015fary i\u015fler ministrliginde \u00ddUNESKO-ny\u0148 i\u015fleri barada T\u00fcrkmenistany\u0148 milli toparyny\u0148 jogapk\u00e4r sekretary \u00c7ynar R\u00fcstemowany\u0148 \u00fdolba\u015f\u00e7ylygyndaky t\u00fcrkmen wekili\u00fdetini\u0148 Merkezi Azi\u00fdany \u00f6wreni\u015f halkara institutyny\u0148 direktory (IICAS) Ewren Rutbil bilen du\u015fu\u015fygy ge\u00e7irildi.<br \/>\nMejlisi\u0148 dowamynda taraplar hyzmatda\u015flygy\u0148 netijelerini ara alyp maslahatla\u015fdylar, \u015fe\u00fdle hem \u00fdakyn geljek \u00fc\u00e7in \u00f6zara hereketleri\u0148 ileri tutul\u00fdan ugurlaryny kesgitlediler.<br \/>\nGeple\u015fikleri\u0148 dowamynda ge\u00e7en \u00fdyly\u0148 sent\u00fdabr a\u00fdynda Er-Ri\u00fdad \u015f\u00e4herinde ge\u00e7irilen \u00ddUNESKO-ny\u0148 B\u00fctind\u00fcn\u00fd\u00e4 mirasy komitetini\u0148 gi\u0148i\u015fle\u00fdin mejlisinde kabul edilen \u00e7\u00f6zg\u00fcd\u00fc\u0148 esasynda \u00ddUNESKO-ny\u0148 B\u00fctind\u00fcn\u00fd\u00e4 mirasyny\u0148 sanawyna girizilen \u00abBe\u00fdik \u00dd\u00fcpek \u00fdoly: Zaraw\u015fan-Garagum ge\u00e7elgesi\u00bb atly k\u00f6ptarapla\u00fdyn h\u00f6d\u00fcrnamany\u0148 ta\u00fd\u00fdarlygy bo\u00fdun\u00e7a ge\u00e7irilen i\u015fleri\u0148 netijeliligi barada a\u00fddyldy.<br \/>\nT\u00fcrkmen tarapy Merkezi Azi\u00fdany \u00f6wreni\u015f halkara institutyny\u0148 direktoryna t\u00e4ze i\u015finde \u00fcst\u00fcnlikler arzuw edip, Merkezi Azi\u00fdany\u0148 taryhy-medeni \u00f6s\u00fc\u015fi bilen bagly meseleler dogrusynda hyzmatda\u015flygy dowam etdirm\u00e4ge gyzyklanma bildirdi.a<\/p>\n","protected":false},"excerpt":{"rendered":"<p>18-nji sent\u00fdabrda T\u00fcrkmenistany\u0148 Da\u015fary i\u015fler ministrliginde \u00ddUNESKO-ny\u0148 i\u015fleri barada T\u00fcrkmenistany\u0148 milli toparyny\u0148 jogapk\u00e4r sekretary \u00c7ynar R\u00fcstemowany\u0148 \u00fdolba\u015f\u00e7ylygyndaky t\u00fcrkmen wekili\u00fdetini\u0148 Merkezi Azi\u00fdany \u00f6wreni\u015f halkara institutyny\u0148 direktory (IICAS) Ewren Rutbil bilen du\u015fu\u015fygy ge\u00e7irildi. Mejlisi\u0148 dowamynda taraplar hyzmatda\u015flygy\u0148 netijelerini ara alyp maslahatla\u015fdylar, \u015fe\u00fdle hem \u00fdakyn geljek \u00fc\u00e7in \u00f6zara hereketleri\u0148 ileri tutul\u00fdan ugurlaryny kesgitlediler. Geple\u015fikleri\u0148 dowamynda ge\u00e7en \u00fdyly\u0148 sent\u00fdabr [&hellip;]<\/p>\n","protected":false},"author":2,"featured_media":116861,"comment_status":"open","ping_status":"closed","sticky":false,"template":"","format":"standard","meta":{"footnotes":""},"categories":[3],"tags":[],"acf":[],"_links":{"self":[{"href":"https:\/\/zamanturkmenistan.com.tm\/index.php?rest_route=\/wp\/v2\/posts\/116860"}],"collection":[{"href":"https:\/\/zamanturkmenistan.com.tm\/index.php?rest_route=\/wp\/v2\/posts"}],"about":[{"href":"https:\/\/zamanturkmenistan.com.tm\/index.php?rest_route=\/wp\/v2\/types\/post"}],"author":[{"embeddable":true,"href":"https:\/\/zamanturkmenistan.com.tm\/index.php?rest_route=\/wp\/v2\/users\/2"}],"replies":[{"embeddable":true,"href":"https:\/\/zamanturkmenistan.com.tm\/index.php?rest_route=%2Fwp%2Fv2%2Fcomments&post=116860"}],"version-history":[{"count":1,"href":"https:\/\/zamanturkmenistan.com.tm\/index.php?rest_route=\/wp\/v2\/posts\/116860\/revisions"}],"predecessor-version":[{"id":116862,"href":"https:\/\/zamanturkmenistan.com.tm\/index.php?rest_route=\/wp\/v2\/posts\/116860\/revisions\/116862"}],"wp:featuredmedia":[{"embeddable":true,"href":"https:\/\/zamanturkmenistan.com.tm\/index.php?rest_route=\/wp\/v2\/media\/116861"}],"wp:attachment":[{"href":"https:\/\/zamanturkmenistan.com.tm\/index.php?rest_route=%2Fwp%2Fv2%2Fmedia&parent=116860"}],"wp:term":[{"taxonomy":"category","embeddable":true,"href":"https:\/\/zamanturkmenistan.com.tm\/index.php?rest_route=%2Fwp%2Fv2%2Fcategories&post=116860"},{"taxonomy":"post_tag","embeddable":true,"href":"https:\/\/zamanturkmenistan.com.tm\/index.php?rest_route=%2Fwp%2Fv2%2Ftags&post=116860"}],"curies":[{"name":"wp","href":"https:\/\/api.w.org\/{rel}","templated":true}]}}