{"id":117141,"date":"2024-09-24T09:37:46","date_gmt":"2024-09-24T04:37:46","guid":{"rendered":"https:\/\/zamanturkmenistan.com.tm\/?p=117141"},"modified":"2024-09-24T09:37:46","modified_gmt":"2024-09-24T04:37:46","slug":"koreya-respublikasynyn-yer-infrastruktura-we-ulag-ministri-bilen-dususyk-gecirildi","status":"publish","type":"post","link":"https:\/\/zamanturkmenistan.com.tm\/?p=117141","title":{"rendered":"Ko\u00adre\u00ad\u00fda Res\u00adpub\u00adli\u00adka\u00adsy\u00adny\u0148 \u00fder, inf\u00adrast\u00adruk\u00adtu\u00adra we ulag mi\u00adnist\u00adri bi\u00adlen du\u00ad\u015fu\u00ad\u015fyk ge\u00ad\u00e7i\u00adril\u00addi"},"content":{"rendered":"<p>23-nji sent\u00ad\u00fdabr\u00adda T\u00fcrk\u00adme\u00adnis\u00adta\u00adny\u0148 DIM-nde T\u00fcrk\u00adme\u00adnis\u00adta\u00adny\u0148 Da\u00ad\u015fa\u00adry i\u015f\u00adler mi\u00adnist\u00adri Ra\u00ad\u015fid Me\u00adre\u00addow bi\u00adlen Ko\u00adre\u00ad\u00fda Res\u00adpub\u00adli\u00adka\u00adsy\u00adny\u0148 \u00fder, inf\u00adrast\u00adruk\u00adtu\u00adra we ulag mi\u00adnist\u00adri Sang\u00adwo Par\u00adky\u0148 ara\u00adsyn\u00adda du\u00ad\u015fu\u00ad\u015fyk ge\u00ad\u00e7i\u00adril\u00addi.<br \/>\nDu\u00ad\u015fu\u00ad\u015fy\u00adgy\u0148 do\u00adwa\u00admyn\u00adda ta\u00adrap\u00adlar ulag-\u00fcs\u00adta\u00ad\u015fyr ge\u00ad\u00e7el\u00adge\u00adle\u00adri hem-de lo\u00adgis\u00adti\u00adka inf\u00adrast\u00adruk\u00adtu\u00adra\u00adsy\u00adny d\u00f6\u00adret\u00admek ba\u00adra\u00adda\u00adky T\u00fcrk\u00adme\u00adnis\u00adta\u00adny\u0148 \u00f6\u0148e s\u00fc\u00adren ba\u015f\u00adlan\u00adgy\u00e7 tas\u00adla\u00adma\u00adla\u00adry\u00adna la\u00ad\u00fdyk\u00adlyk\u00adda hyz\u00admat\u00adda\u015f\u00adly\u00adgy\u0148 h\u00e4\u00adzir\u00adki \u00fdag\u00adda\u00ad\u00fdy\u00adny we gel\u00adje\u00adgi\u00adni ara alyp mas\u00adla\u00adhat\u00adla\u015f\u00addy\u00adlar.<br \/>\nAw\u00adtou\u00adlag pu\u00adda\u00adgyn\u00adda T\u00fcrk\u00adme\u00adnis\u00adtan bi\u00adlen Ko\u00adre\u00ad\u00fda Res\u00adpub\u00adli\u00adka\u00adsy\u00adny\u0148 ara\u00adsyn\u00adda\u00adky k\u00f6p \u00fdyl\u00adlyk hyz\u00admat\u00adda\u015f\u00adly\u00adgy\u0148 \u00fcs\u00adt\u00fcn\u00adlik\u00adle\u00adri bel\u00adlen\u00addi.<br \/>\nDu\u00ad\u015fu\u00ad\u015fyk\u00adda \u015f\u00e4\u00adher gur\u00adlu\u00ad\u015fy\u00adgy, se\u00fds\u00admo\u00adlo\u00adgi\u00ad\u00fda we ulag pu\u00addak\u00adla\u00adryn\u00adda\u00adky hyz\u00admat\u00adda\u015f\u00adly\u00adgy\u0148 m\u00fcm\u00adkin\u00ad\u00e7i\u00adlik\u00adle\u00adri\u00adne a\u00fd\u00adra\u00adtyn \u00fcns be\u00adril\u00addi.<\/p>\n","protected":false},"excerpt":{"rendered":"<p>23-nji sent\u00ad\u00fdabr\u00adda T\u00fcrk\u00adme\u00adnis\u00adta\u00adny\u0148 DIM-nde T\u00fcrk\u00adme\u00adnis\u00adta\u00adny\u0148 Da\u00ad\u015fa\u00adry i\u015f\u00adler mi\u00adnist\u00adri Ra\u00ad\u015fid Me\u00adre\u00addow bi\u00adlen Ko\u00adre\u00ad\u00fda Res\u00adpub\u00adli\u00adka\u00adsy\u00adny\u0148 \u00fder, inf\u00adrast\u00adruk\u00adtu\u00adra we ulag mi\u00adnist\u00adri Sang\u00adwo Par\u00adky\u0148 ara\u00adsyn\u00adda du\u00ad\u015fu\u00ad\u015fyk ge\u00ad\u00e7i\u00adril\u00addi. Du\u00ad\u015fu\u00ad\u015fy\u00adgy\u0148 do\u00adwa\u00admyn\u00adda ta\u00adrap\u00adlar ulag-\u00fcs\u00adta\u00ad\u015fyr ge\u00ad\u00e7el\u00adge\u00adle\u00adri hem-de lo\u00adgis\u00adti\u00adka inf\u00adrast\u00adruk\u00adtu\u00adra\u00adsy\u00adny d\u00f6\u00adret\u00admek ba\u00adra\u00adda\u00adky T\u00fcrk\u00adme\u00adnis\u00adta\u00adny\u0148 \u00f6\u0148e s\u00fc\u00adren ba\u015f\u00adlan\u00adgy\u00e7 tas\u00adla\u00adma\u00adla\u00adry\u00adna la\u00ad\u00fdyk\u00adlyk\u00adda hyz\u00admat\u00adda\u015f\u00adly\u00adgy\u0148 h\u00e4\u00adzir\u00adki \u00fdag\u00adda\u00ad\u00fdy\u00adny we gel\u00adje\u00adgi\u00adni ara alyp mas\u00adla\u00adhat\u00adla\u015f\u00addy\u00adlar. Aw\u00adtou\u00adlag pu\u00adda\u00adgyn\u00adda T\u00fcrk\u00adme\u00adnis\u00adtan bi\u00adlen Ko\u00adre\u00ad\u00fda Res\u00adpub\u00adli\u00adka\u00adsy\u00adny\u0148 ara\u00adsyn\u00adda\u00adky k\u00f6p [&hellip;]<\/p>\n","protected":false},"author":2,"featured_media":117144,"comment_status":"open","ping_status":"closed","sticky":false,"template":"","format":"standard","meta":{"footnotes":""},"categories":[3],"tags":[],"acf":[],"_links":{"self":[{"href":"https:\/\/zamanturkmenistan.com.tm\/index.php?rest_route=\/wp\/v2\/posts\/117141"}],"collection":[{"href":"https:\/\/zamanturkmenistan.com.tm\/index.php?rest_route=\/wp\/v2\/posts"}],"about":[{"href":"https:\/\/zamanturkmenistan.com.tm\/index.php?rest_route=\/wp\/v2\/types\/post"}],"author":[{"embeddable":true,"href":"https:\/\/zamanturkmenistan.com.tm\/index.php?rest_route=\/wp\/v2\/users\/2"}],"replies":[{"embeddable":true,"href":"https:\/\/zamanturkmenistan.com.tm\/index.php?rest_route=%2Fwp%2Fv2%2Fcomments&post=117141"}],"version-history":[{"count":1,"href":"https:\/\/zamanturkmenistan.com.tm\/index.php?rest_route=\/wp\/v2\/posts\/117141\/revisions"}],"predecessor-version":[{"id":117145,"href":"https:\/\/zamanturkmenistan.com.tm\/index.php?rest_route=\/wp\/v2\/posts\/117141\/revisions\/117145"}],"wp:featuredmedia":[{"embeddable":true,"href":"https:\/\/zamanturkmenistan.com.tm\/index.php?rest_route=\/wp\/v2\/media\/117144"}],"wp:attachment":[{"href":"https:\/\/zamanturkmenistan.com.tm\/index.php?rest_route=%2Fwp%2Fv2%2Fmedia&parent=117141"}],"wp:term":[{"taxonomy":"category","embeddable":true,"href":"https:\/\/zamanturkmenistan.com.tm\/index.php?rest_route=%2Fwp%2Fv2%2Fcategories&post=117141"},{"taxonomy":"post_tag","embeddable":true,"href":"https:\/\/zamanturkmenistan.com.tm\/index.php?rest_route=%2Fwp%2Fv2%2Ftags&post=117141"}],"curies":[{"name":"wp","href":"https:\/\/api.w.org\/{rel}","templated":true}]}}