{"id":117487,"date":"2024-09-30T18:00:06","date_gmt":"2024-09-30T13:00:06","guid":{"rendered":"https:\/\/zamanturkmenistan.com.tm\/?p=117487"},"modified":"2024-09-30T18:00:06","modified_gmt":"2024-09-30T13:00:06","slug":"moldowada-11-dalasgar-hasaba-alyndy","status":"publish","type":"post","link":"https:\/\/zamanturkmenistan.com.tm\/?p=117487","title":{"rendered":"Moldowada 11 dala\u015fg\u00e4r hasaba alyndy"},"content":{"rendered":"<p>20-nji okt\u00fdabrda Moldowada ge\u00e7iriljek Prezident sa\u00fdlawlary bilen baglany\u015fykly 11 dala\u015fg\u00e4r hasaba alyndy. Bu barada Moldowany\u0148 Merkezi sa\u00fdlaw komissi\u00fdasy habar berdi. Prezidentlige bellige alnan dala\u015fg\u00e4rleri\u0148 d\u00f6rd\u00fcsi zenan. Bular Moldowany\u0148 h\u00e4zirki Prezidenti Ma\u00fd\u00fda Sandu, Gagauzi\u00fda awtonom territorial b\u00f6l\u00fcmini\u0148 \u00f6\u0148ki ba\u015flygy Irina Wlah, \u017eurnalist Natal\u00fda Moral, \u00f6\u0148ki prokuror Wiktori\u00fda Furtune.<br \/>\nPrezidentlige dala\u015fg\u00e4rleri\u0148 arasynda 2019-2021-nji \u00fdyllarda \u00fdurdu\u0148 prokurory bolup i\u015fl\u00e4n Aleksandr Sto\u00fdanoglo, \u00f6\u0148ki h\u00e4kim Renato Usaty\u00fd, \u00f6\u0148ki Prem\u00fder-ministr Wasili\u00fd Tarlow, Ion Kiku we be\u00fdlekiler bar. H\u00e4zirki wagtda prezidentlige dala\u015fg\u00e4rleri\u0148 sa\u00fdlaw kampani\u00fdasy dowam ed\u00fd\u00e4r. Hi\u00e7 bir dala\u015fg\u00e4r sesleri\u0148 50 g\u00f6teriminden gowragyny almasa, sa\u00fdlawlary\u0148 ikinji tapgyry ge\u00e7iriler.<br \/>\n\u015ee\u00fdle hem, prezident sa\u00fdlawlary bilen bir hatarda Moldowany\u0148 \u00ddewropa Bilele\u015figine agza bolmagy barada sala saly\u015fyk hem ge\u00e7iriler. Konstitusi\u00fda la\u00fdyklykda, Moldowa Respublikasyny\u0148 Prezidentini\u0148 ygty\u00fdarlyk m\u00f6hleti d\u00f6rt \u00fdyl dowam ed\u00fd\u00e4r we kasam kabul edilen g\u00fcn\u00fcnden ba\u015flap, indiki sa\u00fdlanan Prezident kasam ed\u00fd\u00e4n\u00e7\u00e4 dowam ed\u00fd\u00e4r. Moldowany\u0148 h\u00e4zirki Prezidenti Ma\u00fd\u00fda Sandu 2020-nji \u00fdyly\u0148 24-nji dekabrynda kasam kabul etdi.<\/p>\n","protected":false},"excerpt":{"rendered":"<p>20-nji okt\u00fdabrda Moldowada ge\u00e7iriljek Prezident sa\u00fdlawlary bilen baglany\u015fykly 11 dala\u015fg\u00e4r hasaba alyndy. Bu barada Moldowany\u0148 Merkezi sa\u00fdlaw komissi\u00fdasy habar berdi. Prezidentlige bellige alnan dala\u015fg\u00e4rleri\u0148 d\u00f6rd\u00fcsi zenan. Bular Moldowany\u0148 h\u00e4zirki Prezidenti Ma\u00fd\u00fda Sandu, Gagauzi\u00fda awtonom territorial b\u00f6l\u00fcmini\u0148 \u00f6\u0148ki ba\u015flygy Irina Wlah, \u017eurnalist Natal\u00fda Moral, \u00f6\u0148ki prokuror Wiktori\u00fda Furtune. Prezidentlige dala\u015fg\u00e4rleri\u0148 arasynda 2019-2021-nji \u00fdyllarda \u00fdurdu\u0148 prokurory bolup [&hellip;]<\/p>\n","protected":false},"author":2,"featured_media":117490,"comment_status":"open","ping_status":"closed","sticky":false,"template":"","format":"standard","meta":{"footnotes":""},"categories":[5],"tags":[],"acf":[],"_links":{"self":[{"href":"https:\/\/zamanturkmenistan.com.tm\/index.php?rest_route=\/wp\/v2\/posts\/117487"}],"collection":[{"href":"https:\/\/zamanturkmenistan.com.tm\/index.php?rest_route=\/wp\/v2\/posts"}],"about":[{"href":"https:\/\/zamanturkmenistan.com.tm\/index.php?rest_route=\/wp\/v2\/types\/post"}],"author":[{"embeddable":true,"href":"https:\/\/zamanturkmenistan.com.tm\/index.php?rest_route=\/wp\/v2\/users\/2"}],"replies":[{"embeddable":true,"href":"https:\/\/zamanturkmenistan.com.tm\/index.php?rest_route=%2Fwp%2Fv2%2Fcomments&post=117487"}],"version-history":[{"count":1,"href":"https:\/\/zamanturkmenistan.com.tm\/index.php?rest_route=\/wp\/v2\/posts\/117487\/revisions"}],"predecessor-version":[{"id":117491,"href":"https:\/\/zamanturkmenistan.com.tm\/index.php?rest_route=\/wp\/v2\/posts\/117487\/revisions\/117491"}],"wp:featuredmedia":[{"embeddable":true,"href":"https:\/\/zamanturkmenistan.com.tm\/index.php?rest_route=\/wp\/v2\/media\/117490"}],"wp:attachment":[{"href":"https:\/\/zamanturkmenistan.com.tm\/index.php?rest_route=%2Fwp%2Fv2%2Fmedia&parent=117487"}],"wp:term":[{"taxonomy":"category","embeddable":true,"href":"https:\/\/zamanturkmenistan.com.tm\/index.php?rest_route=%2Fwp%2Fv2%2Fcategories&post=117487"},{"taxonomy":"post_tag","embeddable":true,"href":"https:\/\/zamanturkmenistan.com.tm\/index.php?rest_route=%2Fwp%2Fv2%2Ftags&post=117487"}],"curies":[{"name":"wp","href":"https:\/\/api.w.org\/{rel}","templated":true}]}}