{"id":117689,"date":"2024-10-03T16:51:31","date_gmt":"2024-10-03T11:51:31","guid":{"rendered":"https:\/\/zamanturkmenistan.com.tm\/?p=117689"},"modified":"2024-10-03T16:51:31","modified_gmt":"2024-10-03T11:51:31","slug":"zenewada-adam-hukuklary-boyunca-genesin-57-nji-caginde-mejlisinin-merkezi-aziya-yurtlarynyn-ugurdas-caresi-gecirildi","status":"publish","type":"post","link":"https:\/\/zamanturkmenistan.com.tm\/?p=117689","title":{"rendered":"\u017denewada Adam hukuklary bo\u00fdun\u00e7a ge\u0148e\u015fi\u0148 57-nji \u00e7\u00e4ginde mejlisini\u0148 Merkezi Azi\u00fda \u00fdurtlaryny\u0148 ugurda\u015f \u00e7\u00e4resi ge\u00e7irildi"},"content":{"rendered":"<p>2-nji okt\u00fdabrda BMG-ni\u0148 \u017denewadaky edarasyny\u0148 \u00fdanyndaky T\u00fcrkmenistany\u0148 Hemi\u015felik wekilhanasy Merkezi Azi\u00fda \u00fdurtlaryny\u0148 hemi\u015felik wekilhanalary bilen bilelikde Adam hukuklary bo\u00fdun\u00e7a ge\u0148e\u015fi\u0148 57-nji mejlisini\u0148 \u00e7\u00e4ginde \u00abAdam hukuklary we \u00f6s\u00fc\u015fe bolan hukuk\u00bb atly ugurda\u015f \u00e7\u00e4r\u00e4ni gurady.<br \/>\n\u00c7\u00e4r\u00e4 Gazagystany\u0148, Gyrgyzystany\u0148, T\u00e4jigistany\u0148, T\u00fcrki\u00fd\u00e4ni\u0148, T\u00fcrkmenistany\u0148 we \u00d6zbegistany\u0148 hemi\u015felik wekilleri, \u015fe\u00fdle hem halkara guramalaryny\u0148 wekilleri we adam hukuklary bo\u00fdun\u00e7a h\u00fcn\u00e4rmenler gatna\u015fdylar.<br \/>\nT\u00fcrkmenistany\u0148 BMG-ni\u0148 \u017denewadaky edarasyny\u0148 \u00fdanyndaky Hemi\u015felik wekili W.Haji\u00fdew \u00f6z \u00e7yky\u015fynda adam hukuklaryny\u0148 esasy h\u00f6km\u00fcnde \u00f6s\u00fc\u015fe bolan hukugy\u0148 \u00e4hmi\u00fdetini belledi. \u015ee\u00fdle hem T\u00fcrkmenistany\u0148 ilaty\u0148 durmu\u015f derejesini \u00fdokarlandyrmaga g\u00f6n\u00fckdirilen milli maksatnamalary durmu\u015fa ge\u00e7ir\u00fd\u00e4ndigi nygtaldy.<\/p>\n","protected":false},"excerpt":{"rendered":"<p>2-nji okt\u00fdabrda BMG-ni\u0148 \u017denewadaky edarasyny\u0148 \u00fdanyndaky T\u00fcrkmenistany\u0148 Hemi\u015felik wekilhanasy Merkezi Azi\u00fda \u00fdurtlaryny\u0148 hemi\u015felik wekilhanalary bilen bilelikde Adam hukuklary bo\u00fdun\u00e7a ge\u0148e\u015fi\u0148 57-nji mejlisini\u0148 \u00e7\u00e4ginde \u00abAdam hukuklary we \u00f6s\u00fc\u015fe bolan hukuk\u00bb atly ugurda\u015f \u00e7\u00e4r\u00e4ni gurady. \u00c7\u00e4r\u00e4 Gazagystany\u0148, Gyrgyzystany\u0148, T\u00e4jigistany\u0148, T\u00fcrki\u00fd\u00e4ni\u0148, T\u00fcrkmenistany\u0148 we \u00d6zbegistany\u0148 hemi\u015felik wekilleri, \u015fe\u00fdle hem halkara guramalaryny\u0148 wekilleri we adam hukuklary bo\u00fdun\u00e7a h\u00fcn\u00e4rmenler gatna\u015fdylar. T\u00fcrkmenistany\u0148 [&hellip;]<\/p>\n","protected":false},"author":2,"featured_media":117685,"comment_status":"open","ping_status":"closed","sticky":false,"template":"","format":"standard","meta":{"footnotes":""},"categories":[3],"tags":[],"acf":[],"_links":{"self":[{"href":"https:\/\/zamanturkmenistan.com.tm\/index.php?rest_route=\/wp\/v2\/posts\/117689"}],"collection":[{"href":"https:\/\/zamanturkmenistan.com.tm\/index.php?rest_route=\/wp\/v2\/posts"}],"about":[{"href":"https:\/\/zamanturkmenistan.com.tm\/index.php?rest_route=\/wp\/v2\/types\/post"}],"author":[{"embeddable":true,"href":"https:\/\/zamanturkmenistan.com.tm\/index.php?rest_route=\/wp\/v2\/users\/2"}],"replies":[{"embeddable":true,"href":"https:\/\/zamanturkmenistan.com.tm\/index.php?rest_route=%2Fwp%2Fv2%2Fcomments&post=117689"}],"version-history":[{"count":1,"href":"https:\/\/zamanturkmenistan.com.tm\/index.php?rest_route=\/wp\/v2\/posts\/117689\/revisions"}],"predecessor-version":[{"id":117690,"href":"https:\/\/zamanturkmenistan.com.tm\/index.php?rest_route=\/wp\/v2\/posts\/117689\/revisions\/117690"}],"wp:featuredmedia":[{"embeddable":true,"href":"https:\/\/zamanturkmenistan.com.tm\/index.php?rest_route=\/wp\/v2\/media\/117685"}],"wp:attachment":[{"href":"https:\/\/zamanturkmenistan.com.tm\/index.php?rest_route=%2Fwp%2Fv2%2Fmedia&parent=117689"}],"wp:term":[{"taxonomy":"category","embeddable":true,"href":"https:\/\/zamanturkmenistan.com.tm\/index.php?rest_route=%2Fwp%2Fv2%2Fcategories&post=117689"},{"taxonomy":"post_tag","embeddable":true,"href":"https:\/\/zamanturkmenistan.com.tm\/index.php?rest_route=%2Fwp%2Fv2%2Ftags&post=117689"}],"curies":[{"name":"wp","href":"https:\/\/api.w.org\/{rel}","templated":true}]}}