{"id":117822,"date":"2024-10-04T14:50:04","date_gmt":"2024-10-04T09:50:04","guid":{"rendered":"https:\/\/zamanturkmenistan.com.tm\/?p=117822"},"modified":"2024-10-04T14:50:04","modified_gmt":"2024-10-04T09:50:04","slug":"turkmenistanyn-we-polsanyn-dim-lerinin-duzum-bolumlerinin-yolbascylarynyn-derejesinde-genesmeler-gecirildi","status":"publish","type":"post","link":"https:\/\/zamanturkmenistan.com.tm\/?p=117822","title":{"rendered":"T\u00fcrkmenistany\u0148 we Pol\u015fany\u0148 DIM-lerini\u0148 d\u00fcz\u00fcm b\u00f6l\u00fcmlerini\u0148 \u00fdolba\u015f\u00e7ylaryny\u0148 derejesinde ge\u0148e\u015fmeler ge\u00e7irildi"},"content":{"rendered":"<p>3-nji okt\u00fdabrda A\u015fgabat \u015f\u00e4herinde T\u00fcrkmenistany\u0148 we Pol\u015fa Respublikasyny\u0148 DIM-lerini\u0148 d\u00fcz\u00fcm b\u00f6l\u00fcmlerini\u0148 \u00fdolba\u015f\u00e7ylaryny\u0148 derejesinde ge\u0148e\u015fmeler ge\u00e7irildi.<br \/>\nT\u00fcrkmen tarapyna T\u00fcrkmenistany\u0148 DIM-i\u0148 \u00ddewropa \u00fdurtlary b\u00f6l\u00fcmini\u0148 we Halkara ykdysady hyzmatda\u015flygy b\u00f6l\u00fcmini\u0148 \u00fdolba\u015f\u00e7ylary wekil\u00e7ilik etdiler. Pol\u015fany\u0148 wekili\u00fdetine Pol\u015fa Respublikasyny\u0148 DIM-i\u0148 G\u00fcndogar departamentini\u0148 direktoryny\u0148 orunbasary Marek Salka \u00fdolba\u015f\u00e7ylyk etdi.<br \/>\nGe\u0148e\u015fmeleri\u0148 dowamynda taraplar sy\u00fdasy-diplomatik, s\u00f6wda-ykdysady we medeni-ynsanperwer ugurlardaky gatna\u015fyklary\u0148 h\u00e4zirki \u00fdagda\u00fdy barada pikir aly\u015fdylar. T\u00fcrkmen-pol\u00fdak hyzmatda\u015flygyny pugtalandyrmaga bolan \u00f6zara ygrarlylyk tassyklanyldy. Halkara d\u00fcz\u00fcmlerini\u0148 \u00e7\u00e4klerind\u00e4ki \u00f6zara gatna\u015fyklar barada gi\u0148i\u015fle\u00fdin pikir aly\u015fmalar ge\u00e7irildi.<br \/>\nTaraplar s\u00f6wda-ykdysady we ulag-logistika ulgamlaryndaky hyzmatda\u015flygy gi\u0148eltm\u00e4ge a\u00fdratyn \u00fcns bermek bilen, d\u00fcrli ugurlardaky \u00f6zara b\u00e4hbitli ikitarapla\u00fdyn hyzmatda\u015flygy i\u015fje\u0148le\u015fdirm\u00e4ge me\u00fdillidiklerini tassykladylar.<\/p>\n","protected":false},"excerpt":{"rendered":"<p>3-nji okt\u00fdabrda A\u015fgabat \u015f\u00e4herinde T\u00fcrkmenistany\u0148 we Pol\u015fa Respublikasyny\u0148 DIM-lerini\u0148 d\u00fcz\u00fcm b\u00f6l\u00fcmlerini\u0148 \u00fdolba\u015f\u00e7ylaryny\u0148 derejesinde ge\u0148e\u015fmeler ge\u00e7irildi. T\u00fcrkmen tarapyna T\u00fcrkmenistany\u0148 DIM-i\u0148 \u00ddewropa \u00fdurtlary b\u00f6l\u00fcmini\u0148 we Halkara ykdysady hyzmatda\u015flygy b\u00f6l\u00fcmini\u0148 \u00fdolba\u015f\u00e7ylary wekil\u00e7ilik etdiler. Pol\u015fany\u0148 wekili\u00fdetine Pol\u015fa Respublikasyny\u0148 DIM-i\u0148 G\u00fcndogar departamentini\u0148 direktoryny\u0148 orunbasary Marek Salka \u00fdolba\u015f\u00e7ylyk etdi. Ge\u0148e\u015fmeleri\u0148 dowamynda taraplar sy\u00fdasy-diplomatik, s\u00f6wda-ykdysady we medeni-ynsanperwer ugurlardaky gatna\u015fyklary\u0148 h\u00e4zirki \u00fdagda\u00fdy barada [&hellip;]<\/p>\n","protected":false},"author":2,"featured_media":117823,"comment_status":"open","ping_status":"closed","sticky":false,"template":"","format":"standard","meta":{"footnotes":""},"categories":[3],"tags":[],"acf":[],"_links":{"self":[{"href":"https:\/\/zamanturkmenistan.com.tm\/index.php?rest_route=\/wp\/v2\/posts\/117822"}],"collection":[{"href":"https:\/\/zamanturkmenistan.com.tm\/index.php?rest_route=\/wp\/v2\/posts"}],"about":[{"href":"https:\/\/zamanturkmenistan.com.tm\/index.php?rest_route=\/wp\/v2\/types\/post"}],"author":[{"embeddable":true,"href":"https:\/\/zamanturkmenistan.com.tm\/index.php?rest_route=\/wp\/v2\/users\/2"}],"replies":[{"embeddable":true,"href":"https:\/\/zamanturkmenistan.com.tm\/index.php?rest_route=%2Fwp%2Fv2%2Fcomments&post=117822"}],"version-history":[{"count":1,"href":"https:\/\/zamanturkmenistan.com.tm\/index.php?rest_route=\/wp\/v2\/posts\/117822\/revisions"}],"predecessor-version":[{"id":117824,"href":"https:\/\/zamanturkmenistan.com.tm\/index.php?rest_route=\/wp\/v2\/posts\/117822\/revisions\/117824"}],"wp:featuredmedia":[{"embeddable":true,"href":"https:\/\/zamanturkmenistan.com.tm\/index.php?rest_route=\/wp\/v2\/media\/117823"}],"wp:attachment":[{"href":"https:\/\/zamanturkmenistan.com.tm\/index.php?rest_route=%2Fwp%2Fv2%2Fmedia&parent=117822"}],"wp:term":[{"taxonomy":"category","embeddable":true,"href":"https:\/\/zamanturkmenistan.com.tm\/index.php?rest_route=%2Fwp%2Fv2%2Fcategories&post=117822"},{"taxonomy":"post_tag","embeddable":true,"href":"https:\/\/zamanturkmenistan.com.tm\/index.php?rest_route=%2Fwp%2Fv2%2Ftags&post=117822"}],"curies":[{"name":"wp","href":"https:\/\/api.w.org\/{rel}","templated":true}]}}