{"id":11790,"date":"2018-01-21T13:02:46","date_gmt":"2018-01-21T08:02:46","guid":{"rendered":"http:\/\/zamanturkmenistan.com\/?p=11790"},"modified":"2018-01-21T13:02:46","modified_gmt":"2018-01-21T08:02:46","slug":"il%c2%adkin%c2%adji-ki%c2%adno-gor%c2%adke%c2%adzil%c2%addi","status":"publish","type":"post","link":"https:\/\/zamanturkmenistan.com.tm\/?p=11790","title":{"rendered":"Il\u00adkin\u00adji ki\u00adno g\u00f6r\u00adke\u00adzil\u00addi"},"content":{"rendered":"<p>Sa\u00adud Ara\u00adbys\u00adta\u00adny Pa\u00adty\u00ad\u015fa\u00adly\u00adgyn\u00adda 35 \u00fdyl\u00addan so\u0148\u00adra k\u00f6p\u00ad\u00e7\u00fc\u00adlik\u00adle\u00ad\u00fdin ki\u00adno g\u00f6r\u00adke\u00adzi\u00adli\u015f ba\u015f\u00adlan\u00addy. Pa\u00adty\u00ad\u015fa\u00adly\u00adgy\u0148 \u00fda\u00ad\u015fa\u00fd\u00adjy\u00adla\u00adry\u00adna uly ek\u00adran\u00adda uzyn met\u00adra\u017e\u00adly ani\u00adma\u00adsi\u00ad\u00fda fil\u00admi g\u00f6r\u00adke\u00adzil\u00addi. \u00ddurt\u00adda 1980-nji \u00fdyl\u00adla\u00adry\u0148 ba\u015f\u00adla\u00adryn\u00adda ki\u00adno k\u00f6p\u00ad\u00e7\u00fc\u00adlik\u00adle\u00ad\u00fdin to\u00adma\u00ad\u015fa et\u00admek ga\u00adda\u00adgan edi\u00adlip\u00addi. \u015eol ga\u00adda\u00adgan\u00adlyk \u00fda\u00adty\u00adryl\u00addy we \u00fdurt\u00adda ki\u00adno\u00adteatr\u00adla\u00adry\u0148 i\u015f\u00adle\u00adme\u00adgi\u00adne m\u00fcm\u00adkin\u00ad\u00e7i\u00adlik d\u00f6redil\u00addi. H\u00e4\u00adzir\u00adki wagt\u00adda he\u00adre\u00adket ed\u00ad\u00fd\u00e4n ki\u00adno\u00adteatr \u00fdoklugy se\u00adb\u00e4p\u00adli ki\u00adno\u00adfilm \u00fd\u00f6\u00adri\u00adte en\u00adjam\u00adlar bi\u00adlen en\u00adjam\u00adla\u015f\u00addy\u00adry\u00adlan me\u00fd\u00addan\u00ad\u00e7a\u00adda g\u00f6r\u00adke\u00adzil\u00addi. Mun\u00addan ozal, Sa\u00adud Ara\u00adbys\u00adta\u00adny\u00adny\u0148 ra\u00ad\u00fdat\u00adla\u00adry ki\u00adno g\u00f6r\u00admek \u00fc\u00e7in go\u0148\u00ad\u015fy \u00fdurt\u00adla\u00adra \u2013 Bah\u00adre\u00fd\u00adne we Bir\u00adle\u00ad\u015fen Arap Emir\u00adlik\u00adle\u00adri\u00adne gid\u00ad\u00fd\u00e4r\u00addi\u00adler.<br \/>\n\u00ddur\u00addu\u0148 h\u00f6\u00adk\u00fc\u00adme\u00adti\u00adni\u0148 ge\u00ad\u00e7en \u00fdyl ka\u00adbul eden \u00f6z\u00adgert\u00adme\u00adle\u00adri ki\u00adno se\u00adna\u00adga\u00adtyn\u00adda we te\u00adle\u00ad\u00fda\u00fd\u00adlym\u00adlar\u00adda k\u00f6p san\u00adly \u00fc\u00fdt\u00adge\u015f\u00adme\u00adle\u00adri\u0148 bo\u00adlup ge\u00e7\u00adme\u00adgi\u00adne ge\u00adtir\u00addi. Ga\u00adra\u00ad\u015fy\u00adly\u00ad\u015fy \u00fda\u00adly, il\u00adkin\u00adji ki\u00adno\u00adteatr \u015fu \u00fdy\u00adly\u0148 mart a\u00fdyn\u00adda a\u00e7y\u00adlar. 2030-njy \u00fdy\u00adla \u00e7en\u00adli ola\u00adry\u0148 sa\u00adny 300-den hem gow\u00adrak bo\u00adlar. Ki\u00adno\u00adteatr\u00adla\u00adry\u0148 a\u00e7yl\u00adma\u00adgy \u00fc\u00e7in rug\u00adsat\u00adna\u00adma ber\u00adlip ba\u015f\u00adlan\u00addy.<br \/>\n2030-njy \u00fdy\u00adla \u00e7en\u00adli Sa\u00adud Ara\u00adbys\u00adta\u00adnyn\u00adda yk\u00addy\u00adsa\u00addy mak\u00adsat\u00adna\u00adma bo\u00ad\u00fdun\u00ad\u00e7a g\u00fc\u00fd\u00admen\u00adje pu\u00adda\u00adgyn\u00adda uly \u00f6s\u00fc\u015f\u00adle\u00adre ga\u00adra\u00ad\u015fyl\u00ad\u00fdar. K\u00f6p \u00fdyl\u00adlar\u00addan so\u0148\u00adra il\u00adkin\u00adji ge\u00adzek bu \u00fdurt\u00adda me\u015f\u00adhur arap we be\u00fd\u00adle\u00adki \u00fdurt\u00adla\u00adry\u0148 a\u00fd\u00addym\u00ad\u00e7y\u00adla\u00adry\u00adny\u0148 kon\u00adser\u00adti bol\u00addy.<\/p>\n","protected":false},"excerpt":{"rendered":"<p>Sa\u00adud Ara\u00adbys\u00adta\u00adny Pa\u00adty\u00ad\u015fa\u00adly\u00adgyn\u00adda 35 \u00fdyl\u00addan so\u0148\u00adra k\u00f6p\u00ad\u00e7\u00fc\u00adlik\u00adle\u00ad\u00fdin ki\u00adno g\u00f6r\u00adke\u00adzi\u00adli\u015f ba\u015f\u00adlan\u00addy. Pa\u00adty\u00ad\u015fa\u00adly\u00adgy\u0148 \u00fda\u00ad\u015fa\u00fd\u00adjy\u00adla\u00adry\u00adna uly ek\u00adran\u00adda uzyn met\u00adra\u017e\u00adly ani\u00adma\u00adsi\u00ad\u00fda fil\u00admi g\u00f6r\u00adke\u00adzil\u00addi. \u00ddurt\u00adda 1980-nji \u00fdyl\u00adla\u00adry\u0148 ba\u015f\u00adla\u00adryn\u00adda ki\u00adno k\u00f6p\u00ad\u00e7\u00fc\u00adlik\u00adle\u00ad\u00fdin to\u00adma\u00ad\u015fa et\u00admek ga\u00adda\u00adgan edi\u00adlip\u00addi. \u015eol ga\u00adda\u00adgan\u00adlyk \u00fda\u00adty\u00adryl\u00addy we \u00fdurt\u00adda ki\u00adno\u00adteatr\u00adla\u00adry\u0148 i\u015f\u00adle\u00adme\u00adgi\u00adne m\u00fcm\u00adkin\u00ad\u00e7i\u00adlik d\u00f6redil\u00addi. H\u00e4\u00adzir\u00adki wagt\u00adda he\u00adre\u00adket ed\u00ad\u00fd\u00e4n ki\u00adno\u00adteatr \u00fdoklugy se\u00adb\u00e4p\u00adli ki\u00adno\u00adfilm \u00fd\u00f6\u00adri\u00adte en\u00adjam\u00adlar bi\u00adlen en\u00adjam\u00adla\u015f\u00addy\u00adry\u00adlan me\u00fd\u00addan\u00ad\u00e7a\u00adda g\u00f6r\u00adke\u00adzil\u00addi. Mun\u00addan ozal, Sa\u00adud [&hellip;]<\/p>\n","protected":false},"author":1,"featured_media":11791,"comment_status":"open","ping_status":"closed","sticky":false,"template":"","format":"standard","meta":{"footnotes":""},"categories":[3],"tags":[],"acf":[],"_links":{"self":[{"href":"https:\/\/zamanturkmenistan.com.tm\/index.php?rest_route=\/wp\/v2\/posts\/11790"}],"collection":[{"href":"https:\/\/zamanturkmenistan.com.tm\/index.php?rest_route=\/wp\/v2\/posts"}],"about":[{"href":"https:\/\/zamanturkmenistan.com.tm\/index.php?rest_route=\/wp\/v2\/types\/post"}],"author":[{"embeddable":true,"href":"https:\/\/zamanturkmenistan.com.tm\/index.php?rest_route=\/wp\/v2\/users\/1"}],"replies":[{"embeddable":true,"href":"https:\/\/zamanturkmenistan.com.tm\/index.php?rest_route=%2Fwp%2Fv2%2Fcomments&post=11790"}],"version-history":[{"count":0,"href":"https:\/\/zamanturkmenistan.com.tm\/index.php?rest_route=\/wp\/v2\/posts\/11790\/revisions"}],"wp:featuredmedia":[{"embeddable":true,"href":"https:\/\/zamanturkmenistan.com.tm\/index.php?rest_route=\/wp\/v2\/media\/11791"}],"wp:attachment":[{"href":"https:\/\/zamanturkmenistan.com.tm\/index.php?rest_route=%2Fwp%2Fv2%2Fmedia&parent=11790"}],"wp:term":[{"taxonomy":"category","embeddable":true,"href":"https:\/\/zamanturkmenistan.com.tm\/index.php?rest_route=%2Fwp%2Fv2%2Fcategories&post=11790"},{"taxonomy":"post_tag","embeddable":true,"href":"https:\/\/zamanturkmenistan.com.tm\/index.php?rest_route=%2Fwp%2Fv2%2Ftags&post=11790"}],"curies":[{"name":"wp","href":"https:\/\/api.w.org\/{rel}","templated":true}]}}