{"id":117935,"date":"2024-10-07T21:22:47","date_gmt":"2024-10-07T16:22:47","guid":{"rendered":"https:\/\/zamanturkmenistan.com.tm\/?p=117935"},"modified":"2024-10-08T15:01:40","modified_gmt":"2024-10-08T10:01:40","slug":"turkmenistanyn-prezidenti-gda-nyn-sammitine-gatnasmak-ucin-is-sapary-bilen-russiya-fede","status":"publish","type":"post","link":"https:\/\/zamanturkmenistan.com.tm\/?p=117935","title":{"rendered":"T\u00fcrk\u00adme\u00adnis\u00adta\u00adny\u0148 Pre\u00adzi\u00adden\u00adti GDA-ny\u0148 sam\u00admi\u00adti\u00adne gat\u00adna\u015f\u00admak \u00fc\u00e7in i\u015f sa\u00adpa\u00adry bi\u00adlen Rus\u00adsi\u00ad\u00fda Fe\u00adde\u00adra\u00adsi\u00ad\u00fda\u00adsy\u00adna ug\u00adra\u00addy"},"content":{"rendered":"<p>\u015eu g\u00fcn hor\u00admat\u00adly Pre\u00adzi\u00adden\u00adti\u00admiz Ser\u00addar Berdimuhamedow Ga\u00adra\u015f\u00adsyz D\u00f6w\u00adlet\u00adle\u00adri\u0148 Ar\u00adka\u00adla\u00ad\u015fy\u00adgy\u00adny\u0148 d\u00f6w\u00adlet Ba\u015f\u00adtu\u00adtan\u00adla\u00adry\u00adny\u0148 Ge\u00ad\u0148e\u00ad\u015fi\u00adni\u0148 mej\u00adli\u00adsi\u00adne gat\u00adna\u015f\u00admak \u00fc\u00e7in iki g\u00fcn\u00adl\u00fck i\u015f sa\u00adpa\u00adry bi\u00adlen Rus\u00adsi\u00ad\u00fda Fe\u00adde\u00adra\u00adsi\u00ad\u00fda\u00adsy\u00adna ug\u00adra\u00addy. Pa\u00fd\u00adtag\u00adty\u00admy\u00adzy\u0148 Hal\u00adka\u00adra ho\u00adwa men\u00adzi\u00adlin\u00adde d\u00f6w\u00adlet Ba\u015f\u00adtu\u00adta\u00adny\u00admy\u00adzy res\u00admi adam\u00adlar ug\u00adrat\u00addy\u00adlar.<br \/>\nHor\u00admat\u00adly Pre\u00adzi\u00adden\u00adti\u00admi\u00adzi\u0148 u\u00e7a\u00adry Mosk\u00adwa \u00e7en\u00adli u\u00e7u\u00ad\u015fy ama\u00adla a\u015fy\u00adryp, \u201cWnu\u00adko\u00adwo-2\u201d Hal\u00adka\u00adra ho\u00adwa men\u00adzi\u00adli\u00adne gon\u00addy. Bu \u00fder\u00adde d\u00f6w\u00adlet Ba\u015f\u00adtu\u00adta\u00adny\u00admy\u00adzy res\u00admi adam\u00adlar gar\u00ad\u015fy\u00adla\u00addy\u00adlar.<br \/>\nHor\u00admat\u00adly Pre\u00adzi\u00adden\u00adti\u00admiz Ser\u00addar Berdimuhamedowy\u0148 GDA-ny\u0148 d\u00f6w\u00adlet Ba\u015f\u00adtu\u00adtan\u00adla\u00adry\u00adny\u0148 Ge\u00ad\u0148e\u00ad\u015fi\u00adni\u0148 8-nji okt\u00ad\u00fdabr\u00adda bol\u00adjak no\u00adbat\u00adda\u00adky mej\u00adli\u00adsi\u00adne gat\u00adna\u015f\u00adma\u00adgy \u00fdur\u00addu\u00admy\u00adzy\u0148 Ar\u00adka\u00adla\u00ad\u015fy\u00adgy\u0148 \u00e7\u00e4k\u00adle\u00adrin\u00adde de\u0148\u00adhu\u00adkuk\u00adly dia\u00adlo\u00adga yg\u00adrar\u00adly\u00addy\u00adgy\u00adny\u0148, umu\u00admy aba\u00addan\u00ad\u00e7y\u00adly\u00adgy\u0148 b\u00e4h\u00adbit\u00adle\u00adri\u00adne la\u00ad\u00fdyk gel\u00ad\u00fd\u00e4n ne\u00adti\u00adje\u00adli hyz\u00admat\u00adda\u015f\u00adly\u00adgy mun\u00addan be\u00fd\u00adl\u00e4k-de \u00f6s\u00add\u00fcr\u00adme\u00adgi mak\u00adsat edin\u00ad\u00fd\u00e4n\u00addi\u00adgi\u00adni\u0148 a\u00fd\u00addy\u0148 g\u00fc\u00adw\u00e4\u00adsi\u00adne \u00f6w\u00adr\u00fc\u00adler.<\/p>\n","protected":false},"excerpt":{"rendered":"<p>\u015eu g\u00fcn hor\u00admat\u00adly Pre\u00adzi\u00adden\u00adti\u00admiz Ser\u00addar Berdimuhamedow Ga\u00adra\u015f\u00adsyz D\u00f6w\u00adlet\u00adle\u00adri\u0148 Ar\u00adka\u00adla\u00ad\u015fy\u00adgy\u00adny\u0148 d\u00f6w\u00adlet Ba\u015f\u00adtu\u00adtan\u00adla\u00adry\u00adny\u0148 Ge\u00ad\u0148e\u00ad\u015fi\u00adni\u0148 mej\u00adli\u00adsi\u00adne gat\u00adna\u015f\u00admak \u00fc\u00e7in iki g\u00fcn\u00adl\u00fck i\u015f sa\u00adpa\u00adry bi\u00adlen Rus\u00adsi\u00ad\u00fda Fe\u00adde\u00adra\u00adsi\u00ad\u00fda\u00adsy\u00adna ug\u00adra\u00addy. Pa\u00fd\u00adtag\u00adty\u00admy\u00adzy\u0148 Hal\u00adka\u00adra ho\u00adwa men\u00adzi\u00adlin\u00adde d\u00f6w\u00adlet Ba\u015f\u00adtu\u00adta\u00adny\u00admy\u00adzy res\u00admi adam\u00adlar ug\u00adrat\u00addy\u00adlar. Hor\u00admat\u00adly Pre\u00adzi\u00adden\u00adti\u00admi\u00adzi\u0148 u\u00e7a\u00adry Mosk\u00adwa \u00e7en\u00adli u\u00e7u\u00ad\u015fy ama\u00adla a\u015fy\u00adryp, \u201cWnu\u00adko\u00adwo-2\u201d Hal\u00adka\u00adra ho\u00adwa men\u00adzi\u00adli\u00adne gon\u00addy. Bu \u00fder\u00adde d\u00f6w\u00adlet Ba\u015f\u00adtu\u00adta\u00adny\u00admy\u00adzy res\u00admi adam\u00adlar gar\u00ad\u015fy\u00adla\u00addy\u00adlar. Hor\u00admat\u00adly Pre\u00adzi\u00adden\u00adti\u00admiz Ser\u00addar [&hellip;]<\/p>\n","protected":false},"author":2,"featured_media":76892,"comment_status":"open","ping_status":"closed","sticky":false,"template":"","format":"standard","meta":{"footnotes":""},"categories":[3],"tags":[],"acf":[],"_links":{"self":[{"href":"https:\/\/zamanturkmenistan.com.tm\/index.php?rest_route=\/wp\/v2\/posts\/117935"}],"collection":[{"href":"https:\/\/zamanturkmenistan.com.tm\/index.php?rest_route=\/wp\/v2\/posts"}],"about":[{"href":"https:\/\/zamanturkmenistan.com.tm\/index.php?rest_route=\/wp\/v2\/types\/post"}],"author":[{"embeddable":true,"href":"https:\/\/zamanturkmenistan.com.tm\/index.php?rest_route=\/wp\/v2\/users\/2"}],"replies":[{"embeddable":true,"href":"https:\/\/zamanturkmenistan.com.tm\/index.php?rest_route=%2Fwp%2Fv2%2Fcomments&post=117935"}],"version-history":[{"count":1,"href":"https:\/\/zamanturkmenistan.com.tm\/index.php?rest_route=\/wp\/v2\/posts\/117935\/revisions"}],"predecessor-version":[{"id":117936,"href":"https:\/\/zamanturkmenistan.com.tm\/index.php?rest_route=\/wp\/v2\/posts\/117935\/revisions\/117936"}],"wp:featuredmedia":[{"embeddable":true,"href":"https:\/\/zamanturkmenistan.com.tm\/index.php?rest_route=\/wp\/v2\/media\/76892"}],"wp:attachment":[{"href":"https:\/\/zamanturkmenistan.com.tm\/index.php?rest_route=%2Fwp%2Fv2%2Fmedia&parent=117935"}],"wp:term":[{"taxonomy":"category","embeddable":true,"href":"https:\/\/zamanturkmenistan.com.tm\/index.php?rest_route=%2Fwp%2Fv2%2Fcategories&post=117935"},{"taxonomy":"post_tag","embeddable":true,"href":"https:\/\/zamanturkmenistan.com.tm\/index.php?rest_route=%2Fwp%2Fv2%2Ftags&post=117935"}],"curies":[{"name":"wp","href":"https:\/\/api.w.org\/{rel}","templated":true}]}}