{"id":11798,"date":"2018-01-21T13:12:44","date_gmt":"2018-01-21T08:12:44","guid":{"rendered":"http:\/\/zamanturkmenistan.com\/?p=11798"},"modified":"2018-01-21T13:12:44","modified_gmt":"2018-01-21T08:12:44","slug":"det%c2%adroyt%c2%adda%c2%adky-hal%c2%adka%c2%adra-aw%c2%adtou%c2%adlag-ser%c2%adgi%c2%adsi2018-nji-yy%c2%adlyn-ta%c2%adze-ulag%c2%adla%c2%adry","status":"publish","type":"post","link":"https:\/\/zamanturkmenistan.com.tm\/?p=11798","title":{"rendered":"Det\u00adro\u00fdt\u00adda\u00adky hal\u00adka\u00adra aw\u00adtou\u00adlag ser\u00adgi\u00adsi:2018-nji \u00fdy\u00adly\u0148 t\u00e4\u00adze ulag\u00adla\u00adry"},"content":{"rendered":"<p><img decoding=\"async\" loading=\"lazy\" class=\"alignleft size-thumbnail wp-image-11800\" src=\"http:\/\/zamanturkmenistan.com\/wp-content\/uploads\/2018\/01\/02-2019-jeep-cherokee-detroit-1-150x150.jpg\" alt=\"\" width=\"150\" height=\"150\" \/> <img decoding=\"async\" loading=\"lazy\" class=\"alignleft size-thumbnail wp-image-11801\" src=\"http:\/\/zamanturkmenistan.com\/wp-content\/uploads\/2018\/01\/2018-vw-jetta-gli-price-150x150.jpg\" alt=\"\" width=\"150\" height=\"150\" \/> <img decoding=\"async\" loading=\"lazy\" class=\"alignleft size-thumbnail wp-image-11802\" src=\"http:\/\/zamanturkmenistan.com\/wp-content\/uploads\/2018\/01\/2019-mercedes-benz-g-class-150x150.jpg\" alt=\"\" width=\"150\" height=\"150\" \/> <img decoding=\"async\" loading=\"lazy\" class=\"alignleft size-thumbnail wp-image-11803\" src=\"http:\/\/zamanturkmenistan.com\/wp-content\/uploads\/2018\/01\/1512648234-150x150.jpg\" alt=\"\" width=\"150\" height=\"150\" srcset=\"https:\/\/zamanturkmenistan.com.tm\/wp-content\/uploads\/2018\/01\/1512648234-150x150.jpg 150w, https:\/\/zamanturkmenistan.com.tm\/wp-content\/uploads\/2018\/01\/1512648234-324x325.jpg 324w\" sizes=\"(max-width: 150px) 100vw, 150px\" \/> <img decoding=\"async\" loading=\"lazy\" class=\"alignleft size-thumbnail wp-image-11804\" src=\"http:\/\/zamanturkmenistan.com\/wp-content\/uploads\/2018\/01\/audi-a7-sportback-concept-live-at-2009-detroit-auto-show-img_1-1-150x150.jpg\" alt=\"\" width=\"150\" height=\"150\" \/> <img decoding=\"async\" loading=\"lazy\" class=\"alignleft size-thumbnail wp-image-11805\" src=\"http:\/\/zamanturkmenistan.com\/wp-content\/uploads\/2018\/01\/Avalon-2019-150x150.jpg\" alt=\"\" width=\"150\" height=\"150\" \/> <img decoding=\"async\" loading=\"lazy\" class=\"alignleft size-thumbnail wp-image-11806\" src=\"http:\/\/zamanturkmenistan.com\/wp-content\/uploads\/2018\/01\/BMW-at-Detroit-150x150.jpg\" alt=\"\" width=\"150\" height=\"150\" \/> <img decoding=\"async\" loading=\"lazy\" class=\"alignleft size-thumbnail wp-image-11807\" src=\"http:\/\/zamanturkmenistan.com\/wp-content\/uploads\/2018\/01\/bmwdetroit-1-150x150.jpg\" alt=\"\" width=\"150\" height=\"150\" \/> <img decoding=\"async\" loading=\"lazy\" class=\"alignleft size-thumbnail wp-image-11808\" src=\"http:\/\/zamanturkmenistan.com\/wp-content\/uploads\/2018\/01\/Mercedes-AMG-CLS-53-34-1068x712-150x150.jpg\" alt=\"\" width=\"150\" height=\"150\" \/> <img decoding=\"async\" loading=\"lazy\" class=\"alignleft size-thumbnail wp-image-11809\" src=\"http:\/\/zamanturkmenistan.com\/wp-content\/uploads\/2018\/01\/veloster-n-1-1-150x150.jpg\" alt=\"\" width=\"150\" height=\"150\" \/>\u015eu \u00fdy\u00adly\u0148 14-nji \u00fdan\u00adwa\u00adryn\u00adda AB\u015e-ny\u0148 Det\u00adro\u00fdt \u015f\u00e4\u00adhe\u00adrin\u00adde De\u00admir\u00adga\u00adzyk Ame\u00adri\u00adka\u00adny\u0148 hal\u00adka\u00adra aw\u00adtou\u00adlag ser\u00adgi\u00adsi (NAIAS) \u00f6z i\u015fi\u00adne ba\u015f\u00adla\u00addy. D\u00fcn\u00ad\u00fd\u00e4 jem\u00adgy\u00ad\u00fdet\u00ad\u00e7i\u00adli\u00adgi ta\u00adra\u00adpyn\u00addan Det\u00adro\u00fdt aw\u00adtou\u00adlag ser\u00adgi\u00adsi h\u00f6k\u00adm\u00fcn\u00adde-de ta\u00adnal\u00ad\u00fdan bu hal\u00adka\u00adra fo\u00adrum\u00adda d\u00fcn\u00ad\u00fd\u00e4\u00adni\u0148 iri ulag \u00f6n\u00add\u00fc\u00adri\u00adji kom\u00adpa\u00adni\u00ad\u00fda\u00adla\u00adry \u00f6z\u00adle\u00adri\u00adni\u0148 t\u00e4\u00adze ulag\u00adla\u00adry\u00adny ta\u00adny\u015f\u00addyr\u00addy. D\u00fcn\u00ad\u00fd\u00e4\u00adni\u0148 i\u0148 uly aw\u00adtou\u00adlag ser\u00adgi\u00adsi 1899-njy \u00fdyl\u00addan b\u00e4\u00adri ge\u00ad\u00e7i\u00adril\u00adip gelin\u00fd\u00e4r. 1907-nji \u00fdyl\u00addan b\u00e4\u00adri bol\u00adsa, her \u00fdyl ge\u00ad\u00e7i\u00adril\u00ad\u00fd\u00e4r. \u015eu \u00fdylky ser\u00adgi 28-nji \u00fdan\u00adwa\u00adra \u00e7en\u00adli do\u00adwam ed\u00ader.<br \/>\nBu ge\u00adzek\u00adki g\u00f6z\u00adden ge\u00ad\u00e7i\u00adri\u00adli\u015f \u00e7\u00e4\u00adre\u00adsin\u00adde \u201cAudi A7\u201d, \u201cBMW i8 Coupe\u201d (t\u00e4\u00adze\u00adle\u00adnen), \u201cBMW X2\u201d, \u201cChevro\u00adlet Silvera\u00addo\u201d, \u201cHy\u00adun\u00addai Velos\u00adter\u201d, \u201cJe\u00adep Che\u00adro\u00adkee\u201d (t\u00e4\u00adze\u00adle\u00adnen), \u201cMercedes-AMG CLS53\u201d, \u201cMercedes-Benz G-Class\u201d, \u201cRam 1500\u201d, \u201cRolls-Royce Phan\u00adtom\u201d, \u201cToyo\u00adta Avalon\u201d we \u201cVolks\u00adwa\u00adgen Jet\u00adta\u201d \u00fda\u00adly ulag\u00adla\u00adry\u0148 t\u00e4\u00adze g\u00f6r\u00adn\u00fc\u015f\u00adle\u00adri aw\u00adtou\u00adlag mu\u015f\u00addak\u00adla\u00adry\u00adny\u0148 \u00fcn\u00ads\u00fc\u00adni \u00e7ek\u00addi.<br \/>\n\u015eu \u00fder\u00adde bu ser\u00adgi\u00add\u00e4\u00adki has k\u00f6p gy\u00adzyk\u00adlan\u00adma bil\u00addi\u00adri\u00adlen ulag\u00adla\u00adry\u0148 k\u00e4\u00adbi\u00adri ba\u00adra\u00adda gys\u00adga\u00ad\u00e7a mag\u00adlu\u00admat ber\u00adme\u00adgi ma\u00adkul bil\u00addik.<\/p>\n","protected":false},"excerpt":{"rendered":"<p>\u015eu \u00fdy\u00adly\u0148 14-nji \u00fdan\u00adwa\u00adryn\u00adda AB\u015e-ny\u0148 Det\u00adro\u00fdt \u015f\u00e4\u00adhe\u00adrin\u00adde De\u00admir\u00adga\u00adzyk Ame\u00adri\u00adka\u00adny\u0148 hal\u00adka\u00adra aw\u00adtou\u00adlag ser\u00adgi\u00adsi (NAIAS) \u00f6z i\u015fi\u00adne ba\u015f\u00adla\u00addy. D\u00fcn\u00ad\u00fd\u00e4 jem\u00adgy\u00ad\u00fdet\u00ad\u00e7i\u00adli\u00adgi ta\u00adra\u00adpyn\u00addan Det\u00adro\u00fdt aw\u00adtou\u00adlag ser\u00adgi\u00adsi h\u00f6k\u00adm\u00fcn\u00adde-de ta\u00adnal\u00ad\u00fdan bu hal\u00adka\u00adra fo\u00adrum\u00adda d\u00fcn\u00ad\u00fd\u00e4\u00adni\u0148 iri ulag \u00f6n\u00add\u00fc\u00adri\u00adji kom\u00adpa\u00adni\u00ad\u00fda\u00adla\u00adry \u00f6z\u00adle\u00adri\u00adni\u0148 t\u00e4\u00adze ulag\u00adla\u00adry\u00adny ta\u00adny\u015f\u00addyr\u00addy. D\u00fcn\u00ad\u00fd\u00e4\u00adni\u0148 i\u0148 uly aw\u00adtou\u00adlag ser\u00adgi\u00adsi 1899-njy \u00fdyl\u00addan b\u00e4\u00adri ge\u00ad\u00e7i\u00adril\u00adip gelin\u00fd\u00e4r. 1907-nji \u00fdyl\u00addan b\u00e4\u00adri bol\u00adsa, her \u00fdyl ge\u00ad\u00e7i\u00adril\u00ad\u00fd\u00e4r. \u015eu \u00fdylky [&hellip;]<\/p>\n","protected":false},"author":1,"featured_media":11799,"comment_status":"open","ping_status":"closed","sticky":false,"template":"","format":"standard","meta":{"footnotes":""},"categories":[5],"tags":[],"acf":[],"_links":{"self":[{"href":"https:\/\/zamanturkmenistan.com.tm\/index.php?rest_route=\/wp\/v2\/posts\/11798"}],"collection":[{"href":"https:\/\/zamanturkmenistan.com.tm\/index.php?rest_route=\/wp\/v2\/posts"}],"about":[{"href":"https:\/\/zamanturkmenistan.com.tm\/index.php?rest_route=\/wp\/v2\/types\/post"}],"author":[{"embeddable":true,"href":"https:\/\/zamanturkmenistan.com.tm\/index.php?rest_route=\/wp\/v2\/users\/1"}],"replies":[{"embeddable":true,"href":"https:\/\/zamanturkmenistan.com.tm\/index.php?rest_route=%2Fwp%2Fv2%2Fcomments&post=11798"}],"version-history":[{"count":0,"href":"https:\/\/zamanturkmenistan.com.tm\/index.php?rest_route=\/wp\/v2\/posts\/11798\/revisions"}],"wp:featuredmedia":[{"embeddable":true,"href":"https:\/\/zamanturkmenistan.com.tm\/index.php?rest_route=\/wp\/v2\/media\/11799"}],"wp:attachment":[{"href":"https:\/\/zamanturkmenistan.com.tm\/index.php?rest_route=%2Fwp%2Fv2%2Fmedia&parent=11798"}],"wp:term":[{"taxonomy":"category","embeddable":true,"href":"https:\/\/zamanturkmenistan.com.tm\/index.php?rest_route=%2Fwp%2Fv2%2Fcategories&post=11798"},{"taxonomy":"post_tag","embeddable":true,"href":"https:\/\/zamanturkmenistan.com.tm\/index.php?rest_route=%2Fwp%2Fv2%2Ftags&post=11798"}],"curies":[{"name":"wp","href":"https:\/\/api.w.org\/{rel}","templated":true}]}}