{"id":11814,"date":"2018-01-21T13:17:53","date_gmt":"2018-01-21T08:17:53","guid":{"rendered":"http:\/\/zamanturkmenistan.com\/?p=11814"},"modified":"2018-01-21T13:17:53","modified_gmt":"2018-01-21T08:17:53","slug":"ta%c2%adran%c2%adti%c2%adno%c2%adnyn-ta%c2%adze-fil%c2%admin%c2%adde-di%c2%adkap%c2%adrio-bas-kesp%c2%adde","status":"publish","type":"post","link":"https:\/\/zamanturkmenistan.com.tm\/?p=11814","title":{"rendered":"Ta\u00adran\u00adti\u00adno\u00adny\u0148 t\u00e4\u00adze fil\u00admin\u00adde Di\u00adKap\u00adrio ba\u015f ke\u015fp\u00adde"},"content":{"rendered":"<p>Me\u015f\u00adhur re\u00ad\u017eiss\u00ad\u00fdor Ku\u00aden\u00adtin Ta\u00adran\u00adti\u00adno\u00adny\u0148 ady m\u00e4\u00adlim edil\u00adme\u00addik t\u00e4\u00adze fil\u00admin\u00adde ha\u00fd\u00adsy ar\u00adtist\u00adle\u00adri\u0148 \u00e7y\u00adky\u015f et\u00adjek\u00addi\u00adgi ba\u00adra\u00adda k\u00f6p wagt\u00addan b\u00e4\u00adri bir\u00adn\u00e4\u00ad\u00e7e g\u00fcr\u00adr\u00fc\u0148\u00adler edil\u00ad\u00fd\u00e4r. Go\u00adla\u00fd\u00adda \u00c7arlz Man\u00adson ba\u00adra\u00adda\u00adky bu film\u00adde ba\u015f ke\u015fp\u00adde os\u00adkar\u00adly akt\u00ad\u00fdor Leo\u00adnar\u00addo Di\u00adKap\u00adrio\u00adny\u0148 su\u00adra\u00adta d\u00fc\u015f\u00adjek\u00addi\u00adgi ha\u00adbar be\u00adril\u00addi. Film Ta\u00adran\u00adti\u00adno bi\u00adlen Di\u00adKap\u00adrio\u00adny\u0148 bi\u00adle\u00adlik\u00add\u00e4\u00adki 2-nji ek\u00adran ese\u00adri bo\u00adlar. Bil\u00ad\u015fi\u00ad\u0148iz \u00fda\u00adly, Ta\u00adran\u00adti\u00adno\u00ad Di\u00adKap\u00adrio bilen \u201cJan\u00adgo zyn\u00adjyr\u00adsyz\u201d ki\u00adno\u00adsyn\u00adda-da bile i\u015fle\u015fipdi. So\u0148\u00adky \u00fdyl\u00adlar\u00adda yz\u00adly-yzy\u00adna bir\u00adn\u00e4\u00ad\u00e7e film\u00adde d\u00fcr\u00adli ke\u015fp\u00adle\u00adri \u00fde\u00adri\u00adne \u00fde\u00adtir\u00ad\u00fd\u00e4n akt\u00adri\u00adsa Mar\u00adgo Rob\u00adbi\u00adni\u0148 hem bu ki\u00adno\u00adda \u00e7y\u00adky\u015f et\u00adme\u00adgi\u00adne ga\u00adra\u00ad\u015fyl\u00ad\u00fdar. Di\u00adKap\u00adrio bi\u00adlen Rob\u00adbi \u201cWoll Stri\u00adti\u0148 m\u00f6\u00adjek\u00adle\u00adri\u201d fil\u00admin\u00adde bi\u00adle su\u00adra\u00adta d\u00fc\u00ad\u015f\u00fcp\u00addi. \u015ee\u00fd\u00adle-de Tom Kruz bi\u00adlen Bredd Pit\u00adti\u0148 hem us\u00adsat re\u00ad\u017eiss\u00ad\u00fdo\u00adry\u0148 t\u00e4\u00adze fil\u00admin\u00adde ke\u015fp jan\u00adlan\u00addyr\u00adma\u00adga is\u00adleg bil\u00addir\u00ad\u00fd\u00e4n\u00addi\u00adgi ha\u00adbar\u00adda a\u00fd\u00addyl\u00ad\u00fdar. Tarantinony\u0148 ha\u00adlypa akt\u00ad\u00fdor Ro\u00adbert De Ni\u00adro\u00adny hem fil\u00admi\u0148 kas\u00adtin\u00adgi\u00adne go\u00ad\u015fmak is\u00adle\u00ad\u00fd\u00e4n\u00addi\u00adgi habarda be\u00ad\u00fdan edil\u00ad\u00fd\u00e4r. K\u00f6p\u00adle\u00adri\u0148 sa\u00adbyr\u00adsyz\u00adlyk bi\u00adlen ga\u00adra\u015f\u00ad\u00fdan bu ek\u00adran ese\u00adrin\u00adde Man\u00adson\u00adla\u00adry\u0148 ma\u015f\u00adga\u00adla\u00adsy\u00adny\u0148 ba\u00ad\u015fyn\u00addan ge\u00ad\u00e7en pa\u00adjy\u00adga\u00adly wa\u00adka\u00adla\u00adr ba\u00adra\u00adda s\u00f6h\u00adbet a\u00e7yl\u00ad\u00fdar. \u015eu \u00fdy\u00adly\u0148 g\u00fc\u00fdz a\u00fd\u00adla\u00adryn\u00adda su\u00adra\u00adta al\u00adnyp ba\u015f\u00adlan\u00adjak fil\u00admi\u0148 b\u00fdu\u00adje\u00adti 100 mil\u00adli\u00adon dol\u00adlar bo\u00adlar. Ony 2019-njy \u00fdy\u00adly\u0148 9-njy aw\u00adgus\u00adtyn\u00adda ek\u00adran\u00adla\u00adra \u00e7y\u00adkar\u00admak me\u00ad\u00fdil\u00adle\u015f\u00addi\u00adril\u00ad\u00fd\u00e4r.<\/p>\n","protected":false},"excerpt":{"rendered":"<p>Me\u015f\u00adhur re\u00ad\u017eiss\u00ad\u00fdor Ku\u00aden\u00adtin Ta\u00adran\u00adti\u00adno\u00adny\u0148 ady m\u00e4\u00adlim edil\u00adme\u00addik t\u00e4\u00adze fil\u00admin\u00adde ha\u00fd\u00adsy ar\u00adtist\u00adle\u00adri\u0148 \u00e7y\u00adky\u015f et\u00adjek\u00addi\u00adgi ba\u00adra\u00adda k\u00f6p wagt\u00addan b\u00e4\u00adri bir\u00adn\u00e4\u00ad\u00e7e g\u00fcr\u00adr\u00fc\u0148\u00adler edil\u00ad\u00fd\u00e4r. Go\u00adla\u00fd\u00adda \u00c7arlz Man\u00adson ba\u00adra\u00adda\u00adky bu film\u00adde ba\u015f ke\u015fp\u00adde os\u00adkar\u00adly akt\u00ad\u00fdor Leo\u00adnar\u00addo Di\u00adKap\u00adrio\u00adny\u0148 su\u00adra\u00adta d\u00fc\u015f\u00adjek\u00addi\u00adgi ha\u00adbar be\u00adril\u00addi. Film Ta\u00adran\u00adti\u00adno bi\u00adlen Di\u00adKap\u00adrio\u00adny\u0148 bi\u00adle\u00adlik\u00add\u00e4\u00adki 2-nji ek\u00adran ese\u00adri bo\u00adlar. Bil\u00ad\u015fi\u00ad\u0148iz \u00fda\u00adly, Ta\u00adran\u00adti\u00adno\u00ad Di\u00adKap\u00adrio bilen \u201cJan\u00adgo zyn\u00adjyr\u00adsyz\u201d ki\u00adno\u00adsyn\u00adda-da bile i\u015fle\u015fipdi. [&hellip;]<\/p>\n","protected":false},"author":1,"featured_media":11815,"comment_status":"open","ping_status":"closed","sticky":false,"template":"","format":"standard","meta":{"footnotes":""},"categories":[12],"tags":[],"acf":[],"_links":{"self":[{"href":"https:\/\/zamanturkmenistan.com.tm\/index.php?rest_route=\/wp\/v2\/posts\/11814"}],"collection":[{"href":"https:\/\/zamanturkmenistan.com.tm\/index.php?rest_route=\/wp\/v2\/posts"}],"about":[{"href":"https:\/\/zamanturkmenistan.com.tm\/index.php?rest_route=\/wp\/v2\/types\/post"}],"author":[{"embeddable":true,"href":"https:\/\/zamanturkmenistan.com.tm\/index.php?rest_route=\/wp\/v2\/users\/1"}],"replies":[{"embeddable":true,"href":"https:\/\/zamanturkmenistan.com.tm\/index.php?rest_route=%2Fwp%2Fv2%2Fcomments&post=11814"}],"version-history":[{"count":0,"href":"https:\/\/zamanturkmenistan.com.tm\/index.php?rest_route=\/wp\/v2\/posts\/11814\/revisions"}],"wp:featuredmedia":[{"embeddable":true,"href":"https:\/\/zamanturkmenistan.com.tm\/index.php?rest_route=\/wp\/v2\/media\/11815"}],"wp:attachment":[{"href":"https:\/\/zamanturkmenistan.com.tm\/index.php?rest_route=%2Fwp%2Fv2%2Fmedia&parent=11814"}],"wp:term":[{"taxonomy":"category","embeddable":true,"href":"https:\/\/zamanturkmenistan.com.tm\/index.php?rest_route=%2Fwp%2Fv2%2Fcategories&post=11814"},{"taxonomy":"post_tag","embeddable":true,"href":"https:\/\/zamanturkmenistan.com.tm\/index.php?rest_route=%2Fwp%2Fv2%2Ftags&post=11814"}],"curies":[{"name":"wp","href":"https:\/\/api.w.org\/{rel}","templated":true}]}}