{"id":118229,"date":"2024-10-12T10:12:20","date_gmt":"2024-10-12T05:12:20","guid":{"rendered":"https:\/\/zamanturkmenistan.com.tm\/?p=118229"},"modified":"2024-10-12T13:02:09","modified_gmt":"2024-10-12T08:02:09","slug":"turkmenistanyn-prezidenti-ermenistan-respublikasynyn-prezidenti-bilen-dususdy","status":"publish","type":"post","link":"https:\/\/zamanturkmenistan.com.tm\/?p=118229","title":{"rendered":"T\u00fcrkmenistany\u0148 Prezidenti Ermenistan Respublikasyny\u0148 Prezidenti bilen du\u015fu\u015fdy"},"content":{"rendered":"<p>11-nji okt\u00ad\u00fdabr\u00adda hor\u00admat\u00adly Pre\u00adzi\u00adden\u00adti\u00admiz Ser\u00addar Berdimuhamedow \u00fdur\u00addu\u00admy\u00adza i\u015f sa\u00adpa\u00adry bi\u00adlen ge\u00adlen Er\u00adme\u00adnis\u00adtan Res\u00adpub\u00adli\u00adka\u00adsy\u00adny\u0148 Pre\u00adzi\u00adden\u00adti Waagn Ha\u00ad\u00e7a\u00adtur\u00ad\u00fdan bi\u00adlen du\u00ad\u015fu\u015f\u00addy.<br \/>\nD\u00f6w\u00adlet Ba\u015f\u00adtu\u00adta\u00adny\u00admyz dost\u00adluk\u00adly \u00fdur\u00addu\u0148 Pre\u00adzi\u00adden\u00adti\u00adne \u00e7a\u00adky\u00adly\u00adgy ka\u00adbul edip, G\u00fcn\u00addo\u00adga\u00adry\u0148 akyl\u00addar \u015fa\u00adhy\u00adry Mag\u00adtym\u00adgu\u00adly Py\u00adra\u00adgy\u00adny\u0148 \u00fdu\u00adbi\u00adle\u00ad\u00fdi my\u00adna\u00adsy\u00adbet\u00adli ge\u00ad\u00e7i\u00adril\u00ad\u00fd\u00e4n hal\u00adka\u00adra fo\u00adru\u00adma gat\u00adna\u015f\u00ad\u00fdan\u00addy\u00adgy \u00fc\u00e7in min\u00adnet\u00addar\u00adlyk bil\u00addir\u00addi. Dost\u00adluk\u00adly \u00fdur\u00addu\u0148 Ba\u015f\u00adtu\u00adta\u00adny hal\u00adka\u00adra fo\u00adru\u00admy\u0148 \u00fdo\u00adka\u00adry gu\u00adra\u00adma\u00ad\u00e7y\u00adlyk de\u00adre\u00adje\u00adsi\u00adni bel\u00adl\u00e4p, \u015fe\u00fd\u00adle m\u00f6\u00adh\u00fcm \u00e7\u00e4\u00adr\u00e4\u00adni\u0148 iki \u00fdur\u00addu\u0148 ara\u00adsyn\u00adda\u00adky me\u00adde\u00adni-yn\u00adsan\u00adper\u00adwer gat\u00adna\u00ad\u015fyk\u00adla\u00adry pug\u00adta\u00adlan\u00addyr\u00admak\u00adda\u00adky m\u00f6\u00adh\u00fcm \u00e4h\u00admi\u00ad\u00fde\u00adti\u00adni nyg\u00adta\u00addy.<br \/>\nIki\u00adta\u00adrap\u00adla\u00ad\u00fdyn gat\u00adna\u00ad\u015fyk\u00adla\u00adry\u0148 \u00e7\u00e4k\u00adle\u00adrin\u00adde me\u00adde\u00adni-yn\u00adsan\u00adper\u00adwer ul\u00adgam\u00adda\u00adky hyz\u00admat\u00adda\u015f\u00adly\u00adga a\u00fd\u00adra\u00adtyn \u00e4h\u00admi\u00ad\u00fdet be\u00adril\u00ad\u00fd\u00e4r. Bu ba\u00adbat\u00adda ylym, bi\u00adlim, be\u00adden\u00adter\u00adbi\u00ad\u00fde, sport ul\u00adgam\u00adla\u00adryn\u00adda\u00adky hyz\u00admat\u00adda\u015f\u00adly\u00adga uly orun de\u00adgi\u015f\u00adli\u00addir. S\u00f6w\u00adda-yk\u00addy\u00adsa\u00addy, ulag-kom\u00admu\u00adni\u00adka\u00adsi\u00ad\u00fda, oba ho\u00adja\u00adly\u00adgy, sy\u00ad\u00fda\u00adhat\u00ad\u00e7y\u00adlyk ul\u00adgam\u00adla\u00adry hyz\u00admat\u00adda\u015f\u00adly\u00adgy\u0148 ile\u00adri tu\u00adtul\u00ad\u00fdan ugur\u00adla\u00adry\u00adny\u0148 ha\u00adta\u00adryn\u00adda g\u00f6r\u00adke\u00adzil\u00addi. Bi\u00adle\u00adlik\u00add\u00e4\u00adki h\u00f6\u00adk\u00fc\u00adme\u00adta\u00adra to\u00adpa\u00adry\u0148 i\u015fi d\u00f6w\u00adle\u00adta\u00adra gat\u00adna\u00ad\u015fyk\u00adla\u00adry i\u015f\u00adje\u0148\u00adle\u015f\u00addir\u00admek\u00adde \u00e4h\u00admi\u00ad\u00fdet\u00adli orun e\u00fde\u00adle\u00ad\u00fd\u00e4r. Onu\u0148 i\u015fi ga\u00adza\u00adny\u00adlan yla\u00adla\u00ad\u015fyk\u00adla\u00adry\u0148 i\u015f \u00fd\u00fc\u00adz\u00fcn\u00adde dur\u00admu\u00ad\u015fa ge\u00ad\u00e7i\u00adril\u00adme\u00adgi\u00adne, ne\u00adti\u00adje\u00adli hyz\u00admat\u00adda\u015f\u00adly\u00adgy\u0148 di\u00adwer\u00adsi\u00adfi\u00adka\u00adsi\u00ad\u00fda\u00adla\u015f\u00addy\u00adryl\u00adma\u00adgy\u00adna we \u00f6s\u00add\u00fc\u00adril\u00adme\u00adgi\u00adne g\u00f6\u00adn\u00fck\u00addi\u00adri\u00adlen\u00addir.<br \/>\nS\u00f6h\u00adbet\u00adde\u015f\u00adlik\u00adde yzy\u00adgi\u00adder\u00adli \u00f6s\u00add\u00fc\u00adril\u00ad\u00fd\u00e4n t\u00fcrk\u00admen-er\u00adme\u00adni gat\u00adna\u00ad\u015fyk\u00adla\u00adry\u00adny\u0148 ile\u00adri tu\u00adtul\u00ad\u00fdan ugur\u00adla\u00adry bo\u00ad\u00fdun\u00ad\u00e7a gy\u00adzyk\u00adlan\u00adma bil\u00addi\u00adri\u00adlip pi\u00adkir al\u00ad\u015fyl\u00addy. Bel\u00adle\u00adni\u00adli\u00ad\u015fi \u00fda\u00adly, \u00fdurt\u00adla\u00adry\u00admyz iki\u00adta\u00adrap\u00adla\u00ad\u00fdyn, \u015fe\u00fd\u00adle-de k\u00f6p\u00adta\u00adrap\u00adla\u00ad\u00fdyn g\u00f6r\u00adn\u00fc\u015f\u00adde \u00fcs\u00adt\u00fcn\u00adlik\u00adli hyz\u00admat\u00adda\u015f\u00adlyk ed\u00ad\u00fd\u00e4r\u00adler, ab\u00adra\u00fd\u00adly hal\u00adka\u00adra gu\u00adra\u00adma\u00adla\u00adry\u0148 \u00e7\u00e4k\u00adle\u00adrin\u00adde bi\u00adrek-bi\u00adre\u00adgi gol\u00adda\u00ad\u00fdar\u00adlar.<br \/>\nDu\u00ad\u015fu\u00ad\u015fyk\u00adda Pre\u00adzi\u00addent Waagn Ha\u00ad\u00e7a\u00adtur\u00ad\u00fdan hor\u00admat\u00adly Pre\u00adzi\u00adden\u00adti\u00admiz Ser\u00addar Berdimuhamedowa Mag\u00adtym\u00adgu\u00adly Py\u00adra\u00adgy\u00adny\u0148 go\u015f\u00adgu\u00adla\u00adry\u00adny\u0148 er\u00adme\u00adni di\u00adli\u00adne ter\u00adji\u00adme edi\u00adlen ne\u00ad\u015fi\u00adri\u00adni sow\u00adgat ber\u00addi.<br \/>\nDu\u00ad\u015fu\u00ad\u015fy\u00adgy\u0148 ahy\u00adryn\u00adda hor\u00admat\u00adly Pre\u00adzi\u00adden\u00adti\u00admiz Ser\u00addar Berdimuhamedow hem-de Er\u00adme\u00adnis\u00adtan Res\u00adpub\u00adli\u00adka\u00adsy\u00adny\u0148 Pre\u00adzi\u00adden\u00adti Waagn Ha\u00ad\u00e7a\u00adtur\u00ad\u00fdan bi\u00adrek-bi\u00adre\u00adge i\u0148 go\u00adwy ar\u00adzuw\u00adla\u00adry\u00adny be\u00ad\u00fdan edip, ho\u015f\u00adni\u00ad\u00fdet\u00adli go\u0148\u00ad\u015fu\u00ad\u00e7y\u00adlyk, dost-do\u00adgan\u00adlyk \u00fd\u00f6\u00adrel\u00adge\u00adle\u00adri\u00adne esas\u00adlan\u00ad\u00fdan d\u00f6w\u00adle\u00adta\u00adra hyz\u00admat\u00adda\u015f\u00adly\u00adgy\u0148 iki \u00fdur\u00addu\u0148 halk\u00adla\u00adry\u00adny\u0148 b\u00e4h\u00adbi\u00addi\u00adne mun\u00addan be\u00fd\u00adl\u00e4k-de \u00fcs\u00adt\u00fcn\u00adlik\u00adli \u00f6s\u00add\u00fc\u00adril\u00adjek\u00addi\u00adgi\u00adne ynam bil\u00addir\u00addi\u00adler.<\/p>\n","protected":false},"excerpt":{"rendered":"<p>11-nji okt\u00ad\u00fdabr\u00adda hor\u00admat\u00adly Pre\u00adzi\u00adden\u00adti\u00admiz Ser\u00addar Berdimuhamedow \u00fdur\u00addu\u00admy\u00adza i\u015f sa\u00adpa\u00adry bi\u00adlen ge\u00adlen Er\u00adme\u00adnis\u00adtan Res\u00adpub\u00adli\u00adka\u00adsy\u00adny\u0148 Pre\u00adzi\u00adden\u00adti Waagn Ha\u00ad\u00e7a\u00adtur\u00ad\u00fdan bi\u00adlen du\u00ad\u015fu\u015f\u00addy. D\u00f6w\u00adlet Ba\u015f\u00adtu\u00adta\u00adny\u00admyz dost\u00adluk\u00adly \u00fdur\u00addu\u0148 Pre\u00adzi\u00adden\u00adti\u00adne \u00e7a\u00adky\u00adly\u00adgy ka\u00adbul edip, G\u00fcn\u00addo\u00adga\u00adry\u0148 akyl\u00addar \u015fa\u00adhy\u00adry Mag\u00adtym\u00adgu\u00adly Py\u00adra\u00adgy\u00adny\u0148 \u00fdu\u00adbi\u00adle\u00ad\u00fdi my\u00adna\u00adsy\u00adbet\u00adli ge\u00ad\u00e7i\u00adril\u00ad\u00fd\u00e4n hal\u00adka\u00adra fo\u00adru\u00adma gat\u00adna\u015f\u00ad\u00fdan\u00addy\u00adgy \u00fc\u00e7in min\u00adnet\u00addar\u00adlyk bil\u00addir\u00addi. Dost\u00adluk\u00adly \u00fdur\u00addu\u0148 Ba\u015f\u00adtu\u00adta\u00adny hal\u00adka\u00adra fo\u00adru\u00admy\u0148 \u00fdo\u00adka\u00adry gu\u00adra\u00adma\u00ad\u00e7y\u00adlyk de\u00adre\u00adje\u00adsi\u00adni bel\u00adl\u00e4p, \u015fe\u00fd\u00adle m\u00f6\u00adh\u00fcm \u00e7\u00e4\u00adr\u00e4\u00adni\u0148 iki \u00fdur\u00addu\u0148 ara\u00adsyn\u00adda\u00adky [&hellip;]<\/p>\n","protected":false},"author":2,"featured_media":118264,"comment_status":"open","ping_status":"closed","sticky":false,"template":"","format":"standard","meta":{"footnotes":""},"categories":[3],"tags":[],"acf":[],"_links":{"self":[{"href":"https:\/\/zamanturkmenistan.com.tm\/index.php?rest_route=\/wp\/v2\/posts\/118229"}],"collection":[{"href":"https:\/\/zamanturkmenistan.com.tm\/index.php?rest_route=\/wp\/v2\/posts"}],"about":[{"href":"https:\/\/zamanturkmenistan.com.tm\/index.php?rest_route=\/wp\/v2\/types\/post"}],"author":[{"embeddable":true,"href":"https:\/\/zamanturkmenistan.com.tm\/index.php?rest_route=\/wp\/v2\/users\/2"}],"replies":[{"embeddable":true,"href":"https:\/\/zamanturkmenistan.com.tm\/index.php?rest_route=%2Fwp%2Fv2%2Fcomments&post=118229"}],"version-history":[{"count":1,"href":"https:\/\/zamanturkmenistan.com.tm\/index.php?rest_route=\/wp\/v2\/posts\/118229\/revisions"}],"predecessor-version":[{"id":118231,"href":"https:\/\/zamanturkmenistan.com.tm\/index.php?rest_route=\/wp\/v2\/posts\/118229\/revisions\/118231"}],"wp:featuredmedia":[{"embeddable":true,"href":"https:\/\/zamanturkmenistan.com.tm\/index.php?rest_route=\/wp\/v2\/media\/118264"}],"wp:attachment":[{"href":"https:\/\/zamanturkmenistan.com.tm\/index.php?rest_route=%2Fwp%2Fv2%2Fmedia&parent=118229"}],"wp:term":[{"taxonomy":"category","embeddable":true,"href":"https:\/\/zamanturkmenistan.com.tm\/index.php?rest_route=%2Fwp%2Fv2%2Fcategories&post=118229"},{"taxonomy":"post_tag","embeddable":true,"href":"https:\/\/zamanturkmenistan.com.tm\/index.php?rest_route=%2Fwp%2Fv2%2Ftags&post=118229"}],"curies":[{"name":"wp","href":"https:\/\/api.w.org\/{rel}","templated":true}]}}