{"id":118232,"date":"2024-10-12T10:17:42","date_gmt":"2024-10-12T05:17:42","guid":{"rendered":"https:\/\/zamanturkmenistan.com.tm\/?p=118232"},"modified":"2024-10-12T10:17:42","modified_gmt":"2024-10-12T05:17:42","slug":"turkmenistanyn-prezidenti-pakistan-yslam-respublikasynyn-prezidenti-bilen-dususdy","status":"publish","type":"post","link":"https:\/\/zamanturkmenistan.com.tm\/?p=118232","title":{"rendered":"T\u00fcrkmenistany\u0148 Prezidenti Pakistan Yslam Respublikasyny\u0148 Prezidenti bilen du\u015fu\u015fdy"},"content":{"rendered":"<p>11-nji okt\u00fdabrda hormatly Prezidentimiz Serdar Berdimuhamedow \u00fdurdumyza sapar bilen gelen Pakistan Yslam Respublikasyny\u0148 Prezidenti Asif Ali Zardari bilen du\u015fu\u015fdy.<br \/>\nD\u00f6wlet Ba\u015ftutanymyz T\u00fcrkmenistana sapar bilen gelmek baradaky \u00e7akylygy kabul edendigi hem-de Magtymguly Pyragyny\u0148 doglan g\u00fcn\u00fcni\u0148 300 \u00fdyllygyna bagy\u015flanan \u201cD\u00f6w\u00fcrleri\u0148 we siwilizasi\u00fdalary\u0148 \u00f6zara arabaglany\u015fygy \u2014 parahat\u00e7ylygy\u0148 we \u00f6s\u00fc\u015fi\u0148 bin\u00fdady\u201d atly halkara foruma i\u015fje\u0148 gatna\u015fandygy \u00fc\u00e7in Pakistany\u0148 Prezidentine minnetdarlyk bildirip, myhmany\u0148 \u015fu gezekki saparyny\u0148 \u00fdurtlarymyzy\u0148 arasyndaky hyzmatda\u015flygy t\u00e4ze derejelere \u00e7ykarmakda m\u00f6h\u00fcm \u00e4dim boljakdygyna ynam bildirdi.<br \/>\nDostlukly \u00fdurdu\u0148 Ba\u015ftutany halkara forumy\u0148 gurama\u00e7ylyk derejesine \u00fdokary baha berip, \u015fe\u00fdle \u00e7\u00e4releri\u0148 medeni-ynsanperwer ulgamdaky d\u00f6wletara hyzmatda\u015flygy pugtalandyrmakda wajyp \u00e4hmi\u00fdetini nygtady.<br \/>\nHormatly Prezidentimiz T\u00fcrkmenistany\u0148 Gara\u015fsyzlygyna e\u00fde bolan wagtyndan b\u00e4ri Pakistany\u0148 bizi\u0148 ynamdar hyzmatda\u015fymyz bolmak bilen, \u00fdurdumyzy\u0148 ho\u015fni\u00fdetlilik \u00fd\u00f6relgesine hemi\u015fe goldaw berip gel\u00fd\u00e4ndigini, sebitde parahat\u00e7ylygy, howpsuzlygy, durnukly \u00f6s\u00fc\u015fi \u00fcpj\u00fcn etm\u00e4ge g\u00f6n\u00fckdirilen halkara ba\u015flangy\u00e7laryny durmu\u015fa ge\u00e7irm\u00e4ge i\u015fje\u0148 \u00fdardam ber\u00fd\u00e4ndigini belledi. Nygtaly\u015fy \u00fdaly, \u00fdurtlarymyzy\u0148 arasyndaky hyzmatda\u015flyk \u00fdyllary\u0148 synagyndan ge\u00e7en dostluk we doganlyk d\u00e4plerine, \u00f6zara b\u00e4hbitli, de\u0148hukukly hyzmatda\u015flygy\u0148 umumy kadalaryny\u0148 berk bin\u00fdadyna esaslan\u00fdar. T\u00fcrkmenistan bilen Pakistany di\u0148e bir geografik \u00fdakynlyk d\u00e4l-de, e\u00fdsem, \u00e7u\u0148\u0148ur taryhy k\u00f6kler, medeni\u00fdetleri\u0148 we ruhy gymmatlyklary\u0148 umumylygy baglany\u015fdyr\u00fdar. \u00ddurtlarymyz k\u00f6p \u00fdyllary\u0148 dowamynda netijeli hyzmatda\u015flyk edip gel\u00fd\u00e4rler. Bu hyzmatda\u015flyk so\u0148ky \u00fdyllarda has-da uly \u00f6s\u00fc\u015fe e\u00fde boldy. \u015eunu\u0148 bilen baglylykda, d\u00f6wlet Ba\u015ftutanymyz t\u00fcrkmen-pakistan hyzmatda\u015flygyny\u0148 \u00f6sd\u00fcrilmegine go\u015f\u00fdan \u015fahsy go\u015fandy \u00fc\u00e7in Asif Ali Zardar\u00e4 minnetdarlyk bildirdi.<br \/>\n\u201cBiz Pakistan bilen netijeli hyzmatda\u015flygy \u00f6sd\u00fcrm\u00e4ge hemi\u015fe ygrarlydyrys. Asyrlardan g\u00f6zba\u015f al\u00fdan dost-doganlyk d\u00e4pleri we \u00f6zara b\u00e4hbitli hem-de de\u0148hukukly hyzmatda\u015flyk \u00fd\u00f6relgeleri bu gatna\u015fyklary\u0148 esasyny d\u00fcz\u00fd\u00e4r\u201d di\u00fdip, hormatly Prezidentimiz a\u00fdtdy. T\u00fcrkmenistan \u2014 Owganystan \u2014 Pakistan \u2014 Hindistan transmilli gaz ge\u00e7irijisi, T\u00fcrkmenistan \u2014 Owganystan \u2014 Pakistan ugry bo\u00fdun\u00e7a elektrik ge\u00e7iriji we optiki-s\u00fc\u00fd\u00fcmli aragatna\u015fyk ulgamlary \u00fdaly iri m\u00f6\u00e7berli taslamalary\u0148 bilelikde durmu\u015fa ge\u00e7irilmegi ikitarapla\u00fdyn netijeli hyzmatda\u015flygy\u0148 a\u00fddy\u0148 mysalydyr. \u015eu \u00fdyly\u0148 sent\u00fdabrynda bolsa agzalan taslamalary Owganystanda i\u015f \u00fd\u00fcz\u00fcnde durmu\u015fa ge\u00e7irm\u00e4ge badalga berildi.<br \/>\nS\u00f6hbetde\u015fleri\u0148 umumy pikirine g\u00f6r\u00e4, a\u00e7yklyga, \u00f6zara ynany\u015fmaga, dostluga esaslan\u00fdan i\u0148 \u00fdokary d\u00f6wlet derejesind\u00e4ki dialog t\u00fcrkmen-pakistan gatna\u015fyklaryny\u0148 \u00f6sd\u00fcrilmegini\u0148 esasy \u015fertidir. Iki d\u00f6wleti\u0148 Ba\u015ftutanlaryny\u0148 yzygiderli gatna\u015fyklary, dostlugy T\u00fcrkmenistan bilen Pakistany\u0148 arasyndaky hyzmatda\u015flygy pugtalandyrmaga g\u00f6n\u00fckdirilen iri taslamalary, uzak m\u00f6hlete ni\u00fdetlenen ba\u015flangy\u00e7lary ilerletm\u00e4ge g\u00fc\u00fd\u00e7li itergi ber\u00fd\u00e4r.<br \/>\nDu\u015fu\u015fygy\u0148 ahyrynda hormatly Prezidentimiz Serdar Berdimuhamedow we Pakistan Yslam Respublikasyny\u0148 Prezidenti Asif Ali Zardari birek-birege berk jan saglyk, bagty\u00fdarlyk, iki \u00fdurdu\u0148 dostlukly halkyna bolsa rowa\u00e7lyk we abadan\u00e7ylyk arzuw etdiler.<\/p>\n","protected":false},"excerpt":{"rendered":"<p>11-nji okt\u00fdabrda hormatly Prezidentimiz Serdar Berdimuhamedow \u00fdurdumyza sapar bilen gelen Pakistan Yslam Respublikasyny\u0148 Prezidenti Asif Ali Zardari bilen du\u015fu\u015fdy. D\u00f6wlet Ba\u015ftutanymyz T\u00fcrkmenistana sapar bilen gelmek baradaky \u00e7akylygy kabul edendigi hem-de Magtymguly Pyragyny\u0148 doglan g\u00fcn\u00fcni\u0148 300 \u00fdyllygyna bagy\u015flanan \u201cD\u00f6w\u00fcrleri\u0148 we siwilizasi\u00fdalary\u0148 \u00f6zara arabaglany\u015fygy \u2014 parahat\u00e7ylygy\u0148 we \u00f6s\u00fc\u015fi\u0148 bin\u00fdady\u201d atly halkara foruma i\u015fje\u0148 gatna\u015fandygy \u00fc\u00e7in Pakistany\u0148 Prezidentine [&hellip;]<\/p>\n","protected":false},"author":2,"featured_media":118233,"comment_status":"open","ping_status":"closed","sticky":false,"template":"","format":"standard","meta":{"footnotes":""},"categories":[3],"tags":[],"acf":[],"_links":{"self":[{"href":"https:\/\/zamanturkmenistan.com.tm\/index.php?rest_route=\/wp\/v2\/posts\/118232"}],"collection":[{"href":"https:\/\/zamanturkmenistan.com.tm\/index.php?rest_route=\/wp\/v2\/posts"}],"about":[{"href":"https:\/\/zamanturkmenistan.com.tm\/index.php?rest_route=\/wp\/v2\/types\/post"}],"author":[{"embeddable":true,"href":"https:\/\/zamanturkmenistan.com.tm\/index.php?rest_route=\/wp\/v2\/users\/2"}],"replies":[{"embeddable":true,"href":"https:\/\/zamanturkmenistan.com.tm\/index.php?rest_route=%2Fwp%2Fv2%2Fcomments&post=118232"}],"version-history":[{"count":1,"href":"https:\/\/zamanturkmenistan.com.tm\/index.php?rest_route=\/wp\/v2\/posts\/118232\/revisions"}],"predecessor-version":[{"id":118234,"href":"https:\/\/zamanturkmenistan.com.tm\/index.php?rest_route=\/wp\/v2\/posts\/118232\/revisions\/118234"}],"wp:featuredmedia":[{"embeddable":true,"href":"https:\/\/zamanturkmenistan.com.tm\/index.php?rest_route=\/wp\/v2\/media\/118233"}],"wp:attachment":[{"href":"https:\/\/zamanturkmenistan.com.tm\/index.php?rest_route=%2Fwp%2Fv2%2Fmedia&parent=118232"}],"wp:term":[{"taxonomy":"category","embeddable":true,"href":"https:\/\/zamanturkmenistan.com.tm\/index.php?rest_route=%2Fwp%2Fv2%2Fcategories&post=118232"},{"taxonomy":"post_tag","embeddable":true,"href":"https:\/\/zamanturkmenistan.com.tm\/index.php?rest_route=%2Fwp%2Fv2%2Ftags&post=118232"}],"curies":[{"name":"wp","href":"https:\/\/api.w.org\/{rel}","templated":true}]}}