{"id":11826,"date":"2018-01-21T13:21:02","date_gmt":"2018-01-21T08:21:02","guid":{"rendered":"http:\/\/zamanturkmenistan.com\/?p=11826"},"modified":"2018-01-21T13:21:02","modified_gmt":"2018-01-21T08:21:02","slug":"blan%c2%adsett-bas%c2%adtu%c2%adtan%c2%adlyk-eder","status":"publish","type":"post","link":"https:\/\/zamanturkmenistan.com.tm\/?p=11826","title":{"rendered":"Blan\u00ad\u015fett ba\u015f\u00adtu\u00adtan\u00adlyk eder"},"content":{"rendered":"<p>Os\u00adkar\u00adly akt\u00adri\u00adsa Ke\u00fdt Blan\u00ad\u015fet d\u00fcn\u00ad\u00fd\u00e4\u00adni\u0148 i\u0148 \u00f6\u0148\u00adde\u00adba\u00adry\u00adjy ki\u00adno\u00adfes\u00adti\u00adwal\u00adla\u00adry\u00adny\u0148 bi\u00adri bo\u00adlan Kann film \u015f\u00fc\u00adwe\u00adle\u00ad\u0148in\u00adde emin\u00adle\u00adre ba\u015f\u00adtu\u00adtan\u00adlyk eder. Bu ba\u00adra\u00adda fes\u00adti\u00adwa\u00adly\u0148 gu\u00adra\u00fd\u00adjy\u00adla\u00adry ta\u00adra\u00adpyn\u00addan res\u00admi \u00fdag\u00adda\u00fd\u00adda ha\u00adbar be\u00adril\u00addi. \u015eun\u00adluk\u00adda, awst\u00adra\u00adli\u00ad\u00fda\u00adly akt\u00adri\u00adsa Ke\u00fdt Blan\u00ad\u015fet Kann film fes\u00adti\u00adwa\u00adlyn\u00adda emin\u00adle\u00adre ba\u015f\u00adtu\u00adtan\u00adlyk et\u00adjek 12-nji ze\u00adnan bo\u00adlar. Emin\u00adler to\u00adpa\u00adry\u00adny\u0148 be\u00fd\u00adle\u00adki ag\u00adza\u00adla\u00adry we fes\u00adti\u00adwal\u00adda g\u00f6r\u00adke\u00adzil\u00adjek film\u00adler \u00fdaz a\u00fd\u00adla\u00adryn\u00adda m\u00e4\u00adlim edi\u00adler. 71-nji Kann film fes\u00adti\u00adwa\u00adly \u015fu \u00fdy\u00adly\u0148 8\u201319 ma\u00fd ara\u00adly\u00adgyn\u00adda Fran\u00adsi\u00ad\u00fda\u00adny\u0148 Kann \u015f\u00e4\u00adhe\u00adrin\u00adde ge\u00ad\u00e7i\u00adri\u00adler.<\/p>\n","protected":false},"excerpt":{"rendered":"<p>Os\u00adkar\u00adly akt\u00adri\u00adsa Ke\u00fdt Blan\u00ad\u015fet d\u00fcn\u00ad\u00fd\u00e4\u00adni\u0148 i\u0148 \u00f6\u0148\u00adde\u00adba\u00adry\u00adjy ki\u00adno\u00adfes\u00adti\u00adwal\u00adla\u00adry\u00adny\u0148 bi\u00adri bo\u00adlan Kann film \u015f\u00fc\u00adwe\u00adle\u00ad\u0148in\u00adde emin\u00adle\u00adre ba\u015f\u00adtu\u00adtan\u00adlyk eder. Bu ba\u00adra\u00adda fes\u00adti\u00adwa\u00adly\u0148 gu\u00adra\u00fd\u00adjy\u00adla\u00adry ta\u00adra\u00adpyn\u00addan res\u00admi \u00fdag\u00adda\u00fd\u00adda ha\u00adbar be\u00adril\u00addi. \u015eun\u00adluk\u00adda, awst\u00adra\u00adli\u00ad\u00fda\u00adly akt\u00adri\u00adsa Ke\u00fdt Blan\u00ad\u015fet Kann film fes\u00adti\u00adwa\u00adlyn\u00adda emin\u00adle\u00adre ba\u015f\u00adtu\u00adtan\u00adlyk et\u00adjek 12-nji ze\u00adnan bo\u00adlar. Emin\u00adler to\u00adpa\u00adry\u00adny\u0148 be\u00fd\u00adle\u00adki ag\u00adza\u00adla\u00adry we fes\u00adti\u00adwal\u00adda g\u00f6r\u00adke\u00adzil\u00adjek film\u00adler \u00fdaz a\u00fd\u00adla\u00adryn\u00adda m\u00e4\u00adlim edi\u00adler. 71-nji Kann film fes\u00adti\u00adwa\u00adly [&hellip;]<\/p>\n","protected":false},"author":1,"featured_media":11827,"comment_status":"open","ping_status":"closed","sticky":false,"template":"","format":"standard","meta":{"footnotes":""},"categories":[12],"tags":[],"acf":[],"_links":{"self":[{"href":"https:\/\/zamanturkmenistan.com.tm\/index.php?rest_route=\/wp\/v2\/posts\/11826"}],"collection":[{"href":"https:\/\/zamanturkmenistan.com.tm\/index.php?rest_route=\/wp\/v2\/posts"}],"about":[{"href":"https:\/\/zamanturkmenistan.com.tm\/index.php?rest_route=\/wp\/v2\/types\/post"}],"author":[{"embeddable":true,"href":"https:\/\/zamanturkmenistan.com.tm\/index.php?rest_route=\/wp\/v2\/users\/1"}],"replies":[{"embeddable":true,"href":"https:\/\/zamanturkmenistan.com.tm\/index.php?rest_route=%2Fwp%2Fv2%2Fcomments&post=11826"}],"version-history":[{"count":0,"href":"https:\/\/zamanturkmenistan.com.tm\/index.php?rest_route=\/wp\/v2\/posts\/11826\/revisions"}],"wp:featuredmedia":[{"embeddable":true,"href":"https:\/\/zamanturkmenistan.com.tm\/index.php?rest_route=\/wp\/v2\/media\/11827"}],"wp:attachment":[{"href":"https:\/\/zamanturkmenistan.com.tm\/index.php?rest_route=%2Fwp%2Fv2%2Fmedia&parent=11826"}],"wp:term":[{"taxonomy":"category","embeddable":true,"href":"https:\/\/zamanturkmenistan.com.tm\/index.php?rest_route=%2Fwp%2Fv2%2Fcategories&post=11826"},{"taxonomy":"post_tag","embeddable":true,"href":"https:\/\/zamanturkmenistan.com.tm\/index.php?rest_route=%2Fwp%2Fv2%2Ftags&post=11826"}],"curies":[{"name":"wp","href":"https:\/\/api.w.org\/{rel}","templated":true}]}}