{"id":11838,"date":"2018-01-21T13:26:24","date_gmt":"2018-01-21T08:26:24","guid":{"rendered":"http:\/\/zamanturkmenistan.com\/?p=11838"},"modified":"2018-01-21T13:26:24","modified_gmt":"2018-01-21T08:26:24","slug":"50-yyl%c2%addan-son-ma%c2%adlim-edil%c2%addi","status":"publish","type":"post","link":"https:\/\/zamanturkmenistan.com.tm\/?p=11838","title":{"rendered":"50 \u00fdyl\u00addan so\u0148 m\u00e4\u00adlim edil\u00addi"},"content":{"rendered":"<p>Go\u00adla\u00fd\u00adda 1967-nji \u00fdy\u00adly\u0148 No\u00adbel ko\u00admi\u00adte\u00adti\u00adni\u0148 sa\u00adna\u00adwy m\u00e4\u00adlim edil\u00addi. Da\u00adla\u015f\u00adg\u00e4r\u00adle\u00adri\u0148 ady 50 \u00fdyl\u00adlap giz\u00adlin\u00adlik\u00adde sak\u00adlan\u00ad\u00fdar. Bu ab\u00adra\u00fd\u00adly ba\u00fd\u00adra\u00adgy\u0148 da\u00adla\u015f\u00adg\u00e4r\u00adle\u00adri\u00adni\u0148 sa\u00adna\u00adwyn\u00adda Kons\u00adtan\u00adtin Pa\u00adus\u00adtows\u00adki\u00fd hem bar eken. Onu\u0148 kan\u00addi\u00adda\u00adtu\u00adra\u00adsy\u00adny \u015fwed aka\u00adde\u00admi\u00ad\u00fda\u00adsy\u00adny\u0148 ag\u00adza\u00adsy E\u00fd\u00adwind \u00ddun\u00adson \u00f6\u0148e s\u00fc\u00adr\u00fcp\u00addir, \u00fd\u00f6\u00adne ko\u00admi\u00adtet ka\u00adbul et\u00adm\u00e4n\u00addir.<br \/>\n\u015ee\u00fd\u00adle hem aka\u00adde\u00admi\u00ad\u00fda\u00adny\u0148 ar\u00adhiw ma\u00adte\u00adri\u00adal\u00adla\u00adryn\u00adda Pa\u00adus\u00adtows\u00adki\u00adni\u0148 d\u00f6\u00adre\u00addi\u00adji\u00adli\u00adgi\u00adni\u0148 sel\u00adje\u00adri\u00ad\u015fi sak\u00adlan\u00ad\u00fdar. Bel\u00adli ede\u00adbi\u00ad\u00fdat\u00ad\u00e7y Erik Mes\u00adter\u00adton Kons\u00adtan\u00adtin Ge\u00ador\u00adgi\u00ad\u00fde\u00adwi\u00e7 ba\u00adra\u00adda \u015fe\u00fd\u00adle \u00fdaz\u00ad\u00fdar: \u201cH\u00e4\u00adzir\u00adki za\u00adman rus ede\u00adbi\u00ad\u00fda\u00adtyn\u00adda Pa\u00adus\u00adtows\u00adki\u00fd \u015fek\u00adsiz-\u015f\u00fcb\u00adhe\u00adsiz g\u00f6r\u00adn\u00fck\u00adli orun\u00adla\u00adry\u0148 bi\u00adri\u00adni e\u00fde\u00adle\u00ad\u00fd\u00e4r\u201d. Mun\u00addan ba\u015f\u00adga-da, \u015fol \u00fdyl bu ba\u00fd\u00adra\u00adga Sem\u00ad\u00fdu\u00adel Bek\u00adket, Lui Ara\u00adgon, Al\u00adber\u00adto Mo\u00adra\u00adwi\u00ad\u00fda, Hor\u00adhe Lu\u00adis Bor\u00adhes we be\u00fd\u00adle\u00adki aw\u00adtor\u00adlar da\u00adla\u015f\u00adg\u00e4r\u00adlik edipdir\u00adler. Ne\u00adti\u00adje\u00adde, ba\u00fd\u00adra\u00adgy\u0148 e\u00fde\u00adsi gwa\u00adtemal \u00fda\u00adzy\u00adjy\u00adsy we dip\u00adlo\u00adma\u00adty Mi\u00adgel An\u00adhel As\u00adtu\u00adri\u00adas bol\u00ad\u00fdar. Ol La\u00adtyn Ame\u00adri\u00adka\u00adsy\u00adndaky in\u00adde\u00fd\u00adle\u00adri\u0148 d\u00e4p-des\u00adsur\u00adla\u00adry\u00adny \u00f6z eser\u00adle\u00adrin\u00adde a\u00fd\u00addy\u0148 be\u00ad\u00fdan eden\u00adli\u00adgi \u00fc\u00e7in bel\u00adli\u00adge alyn\u00ad\u00fdar.<\/p>\n","protected":false},"excerpt":{"rendered":"<p>Go\u00adla\u00fd\u00adda 1967-nji \u00fdy\u00adly\u0148 No\u00adbel ko\u00admi\u00adte\u00adti\u00adni\u0148 sa\u00adna\u00adwy m\u00e4\u00adlim edil\u00addi. Da\u00adla\u015f\u00adg\u00e4r\u00adle\u00adri\u0148 ady 50 \u00fdyl\u00adlap giz\u00adlin\u00adlik\u00adde sak\u00adlan\u00ad\u00fdar. Bu ab\u00adra\u00fd\u00adly ba\u00fd\u00adra\u00adgy\u0148 da\u00adla\u015f\u00adg\u00e4r\u00adle\u00adri\u00adni\u0148 sa\u00adna\u00adwyn\u00adda Kons\u00adtan\u00adtin Pa\u00adus\u00adtows\u00adki\u00fd hem bar eken. Onu\u0148 kan\u00addi\u00adda\u00adtu\u00adra\u00adsy\u00adny \u015fwed aka\u00adde\u00admi\u00ad\u00fda\u00adsy\u00adny\u0148 ag\u00adza\u00adsy E\u00fd\u00adwind \u00ddun\u00adson \u00f6\u0148e s\u00fc\u00adr\u00fcp\u00addir, \u00fd\u00f6\u00adne ko\u00admi\u00adtet ka\u00adbul et\u00adm\u00e4n\u00addir. \u015ee\u00fd\u00adle hem aka\u00adde\u00admi\u00ad\u00fda\u00adny\u0148 ar\u00adhiw ma\u00adte\u00adri\u00adal\u00adla\u00adryn\u00adda Pa\u00adus\u00adtows\u00adki\u00adni\u0148 d\u00f6\u00adre\u00addi\u00adji\u00adli\u00adgi\u00adni\u0148 sel\u00adje\u00adri\u00ad\u015fi sak\u00adlan\u00ad\u00fdar. Bel\u00adli ede\u00adbi\u00ad\u00fdat\u00ad\u00e7y Erik Mes\u00adter\u00adton Kons\u00adtan\u00adtin Ge\u00ador\u00adgi\u00ad\u00fde\u00adwi\u00e7 ba\u00adra\u00adda \u015fe\u00fd\u00adle \u00fdaz\u00ad\u00fdar: [&hellip;]<\/p>\n","protected":false},"author":1,"featured_media":11839,"comment_status":"open","ping_status":"closed","sticky":false,"template":"","format":"standard","meta":{"footnotes":""},"categories":[11],"tags":[],"acf":[],"_links":{"self":[{"href":"https:\/\/zamanturkmenistan.com.tm\/index.php?rest_route=\/wp\/v2\/posts\/11838"}],"collection":[{"href":"https:\/\/zamanturkmenistan.com.tm\/index.php?rest_route=\/wp\/v2\/posts"}],"about":[{"href":"https:\/\/zamanturkmenistan.com.tm\/index.php?rest_route=\/wp\/v2\/types\/post"}],"author":[{"embeddable":true,"href":"https:\/\/zamanturkmenistan.com.tm\/index.php?rest_route=\/wp\/v2\/users\/1"}],"replies":[{"embeddable":true,"href":"https:\/\/zamanturkmenistan.com.tm\/index.php?rest_route=%2Fwp%2Fv2%2Fcomments&post=11838"}],"version-history":[{"count":0,"href":"https:\/\/zamanturkmenistan.com.tm\/index.php?rest_route=\/wp\/v2\/posts\/11838\/revisions"}],"wp:featuredmedia":[{"embeddable":true,"href":"https:\/\/zamanturkmenistan.com.tm\/index.php?rest_route=\/wp\/v2\/media\/11839"}],"wp:attachment":[{"href":"https:\/\/zamanturkmenistan.com.tm\/index.php?rest_route=%2Fwp%2Fv2%2Fmedia&parent=11838"}],"wp:term":[{"taxonomy":"category","embeddable":true,"href":"https:\/\/zamanturkmenistan.com.tm\/index.php?rest_route=%2Fwp%2Fv2%2Fcategories&post=11838"},{"taxonomy":"post_tag","embeddable":true,"href":"https:\/\/zamanturkmenistan.com.tm\/index.php?rest_route=%2Fwp%2Fv2%2Ftags&post=11838"}],"curies":[{"name":"wp","href":"https:\/\/api.w.org\/{rel}","templated":true}]}}