{"id":11841,"date":"2018-01-21T13:27:18","date_gmt":"2018-01-21T08:27:18","guid":{"rendered":"http:\/\/zamanturkmenistan.com\/?p=11841"},"modified":"2018-01-21T13:27:18","modified_gmt":"2018-01-21T08:27:18","slug":"kos%c2%adta-bay%c2%adra%c2%adgy%c2%adna-my%c2%adna%c2%adsyp-bol%c2%addy","status":"publish","type":"post","link":"https:\/\/zamanturkmenistan.com.tm\/?p=11841","title":{"rendered":"\u201cKos\u00adta\u201d ba\u00fd\u00adra\u00adgy\u00adna my\u00adna\u00adsyp bol\u00addy"},"content":{"rendered":"<p>Bri\u00adta\u00adni\u00ad\u00fda\u00adly ze\u00adnan \u015fahyr, \u00e7a\u00adga\u00adlar \u00fc\u00e7in ni\u00ad\u00fdet\u00adle\u00adnen ki\u00adtap\u00adla\u00adry\u0148 aw\u00adto\u00adry He\u00adlen Dan\u00admor (1952-2017) ara\u00addan \u00e7y\u00adkan\u00addan so\u0148, \u201cKos\u00adta\u201d ba\u00fd\u00adra\u00adgy\u00adna my\u00adna\u00adsyp bol\u00addy. Ede\u00adbi\u00ad\u00fdat ba\u00fd\u00adra\u00adgy \u201cKos\u00adta\u201d ge\u00ad\u00e7en \u00fdy\u00adly\u0148 do\u00adwa\u00admyn\u00adda\u00adky i\u0148 go\u00adwy \u015fa\u00adhy\u00adra\u00adna \u00fda-da ede\u00adbi ese\u00adr \u00fc\u00e7in be\u00adril\u00addi. Ze\u00adnan \u015fahyr \u00f6m\u00adr\u00fc\u00adni\u0148 ahy\u00adryn\u00adda \u00fda\u00adzan \u201cTolkunlary\u0148 i\u00e7inde\u201d (In\u00adsi\u00adde the Wave) at\u00adly \u015fa\u00adhy\u00adra\u00adna \u00fdy\u00adgyn\u00addy\u00adsy \u00fc\u00e7in bu ba\u00fd\u00adra\u00adga my\u00adna\u00adsyp bol\u00addy. \u015ee\u00fd\u00adle hem \u00ddon Mak\u00adgo\u00adger \u201cI\u0148 go\u00adwy ro\u00adman\u201d, Ge\u00fdl Ha\u00adni\u00adman \u201ci\u0148 go\u00adwy bi\u00adrin\u00adji ro\u00adman\u201d, Re\u00adbek\u00adka Skot \u201cI\u0148 go\u00adwy ter\u00adji\u00adme\u00adhal ese\u00adri\u201d, Ket\u00adrin Ran\u00addell \u201c\u00c7a\u00adga\u00adlar ede\u00adbi\u00ad\u00fda\u00adty\u201d \u00fda\u00adly ugur\u00adlarda bu ba\u00fd\u00adra\u00adga my\u00adna\u00adsyp bol\u00addu\u00adlar.<br \/>\n\u201cKos\u00adta\u201d Be\u00fdik Britani\u00fdany\u0148 we Irlandi\u00fdany\u0148 ab\u00adra\u00fd\u00adly ede\u00adbi\u00ad\u00fdat ba\u00fd\u00adrak\u00adla\u00adry\u00adny\u0148 bi\u00adri bolup, di\u0148e bu \u00fdurtlary\u0148 \u00fda\u00adzy\u00adjy-\u015fahyrlary ba\u00fdrak ugrunda b\u00e4s\u00adle\u00ad\u015fip bil\u00ad\u00fd\u00e4r\u00adler. Ol Be\u00ad\u00fdik Bri\u00adta\u00adni\u00ad\u00fda\u00adny\u0148 ki\u00adtap s\u00f6w\u00adda\u00adg\u00e4r\u00adle\u00adri ta\u00adra\u00adpyn\u00addan gow\u015furyl\u00fdar. \u201cKos\u00adta\u201d ba\u00fd\u00adra\u00adgy 45 \u00fdyl\u00addan gow\u00adrak wagt b\u00e4\u00adri \u00fda\u00adzy\u00adjy-\u015fa\u00adhyr\u00adla\u00adra ede\u00adbi\u00ad\u00fdat\u00adda ga\u00adza\u00adnan \u00fcs\u00adt\u00fcn\u00adlik\u00adle\u00adri \u00fc\u00e7in beril\u00fd\u00e4r.<\/p>\n","protected":false},"excerpt":{"rendered":"<p>Bri\u00adta\u00adni\u00ad\u00fda\u00adly ze\u00adnan \u015fahyr, \u00e7a\u00adga\u00adlar \u00fc\u00e7in ni\u00ad\u00fdet\u00adle\u00adnen ki\u00adtap\u00adla\u00adry\u0148 aw\u00adto\u00adry He\u00adlen Dan\u00admor (1952-2017) ara\u00addan \u00e7y\u00adkan\u00addan so\u0148, \u201cKos\u00adta\u201d ba\u00fd\u00adra\u00adgy\u00adna my\u00adna\u00adsyp bol\u00addy. Ede\u00adbi\u00ad\u00fdat ba\u00fd\u00adra\u00adgy \u201cKos\u00adta\u201d ge\u00ad\u00e7en \u00fdy\u00adly\u0148 do\u00adwa\u00admyn\u00adda\u00adky i\u0148 go\u00adwy \u015fa\u00adhy\u00adra\u00adna \u00fda-da ede\u00adbi ese\u00adr \u00fc\u00e7in be\u00adril\u00addi. Ze\u00adnan \u015fahyr \u00f6m\u00adr\u00fc\u00adni\u0148 ahy\u00adryn\u00adda \u00fda\u00adzan \u201cTolkunlary\u0148 i\u00e7inde\u201d (In\u00adsi\u00adde the Wave) at\u00adly \u015fa\u00adhy\u00adra\u00adna \u00fdy\u00adgyn\u00addy\u00adsy \u00fc\u00e7in bu ba\u00fd\u00adra\u00adga my\u00adna\u00adsyp bol\u00addy. \u015ee\u00fd\u00adle hem \u00ddon Mak\u00adgo\u00adger \u201cI\u0148 [&hellip;]<\/p>\n","protected":false},"author":1,"featured_media":11842,"comment_status":"open","ping_status":"closed","sticky":false,"template":"","format":"standard","meta":{"footnotes":""},"categories":[11],"tags":[],"acf":[],"_links":{"self":[{"href":"https:\/\/zamanturkmenistan.com.tm\/index.php?rest_route=\/wp\/v2\/posts\/11841"}],"collection":[{"href":"https:\/\/zamanturkmenistan.com.tm\/index.php?rest_route=\/wp\/v2\/posts"}],"about":[{"href":"https:\/\/zamanturkmenistan.com.tm\/index.php?rest_route=\/wp\/v2\/types\/post"}],"author":[{"embeddable":true,"href":"https:\/\/zamanturkmenistan.com.tm\/index.php?rest_route=\/wp\/v2\/users\/1"}],"replies":[{"embeddable":true,"href":"https:\/\/zamanturkmenistan.com.tm\/index.php?rest_route=%2Fwp%2Fv2%2Fcomments&post=11841"}],"version-history":[{"count":0,"href":"https:\/\/zamanturkmenistan.com.tm\/index.php?rest_route=\/wp\/v2\/posts\/11841\/revisions"}],"wp:featuredmedia":[{"embeddable":true,"href":"https:\/\/zamanturkmenistan.com.tm\/index.php?rest_route=\/wp\/v2\/media\/11842"}],"wp:attachment":[{"href":"https:\/\/zamanturkmenistan.com.tm\/index.php?rest_route=%2Fwp%2Fv2%2Fmedia&parent=11841"}],"wp:term":[{"taxonomy":"category","embeddable":true,"href":"https:\/\/zamanturkmenistan.com.tm\/index.php?rest_route=%2Fwp%2Fv2%2Fcategories&post=11841"},{"taxonomy":"post_tag","embeddable":true,"href":"https:\/\/zamanturkmenistan.com.tm\/index.php?rest_route=%2Fwp%2Fv2%2Ftags&post=11841"}],"curies":[{"name":"wp","href":"https:\/\/api.w.org\/{rel}","templated":true}]}}