{"id":118542,"date":"2024-10-17T16:49:39","date_gmt":"2024-10-17T11:49:39","guid":{"rendered":"https:\/\/zamanturkmenistan.com.tm\/?p=118542"},"modified":"2024-10-17T16:49:39","modified_gmt":"2024-10-17T11:49:39","slug":"turkmenistanyn-wekiliyeti-shg-nin-hokumet-bastutanlarynyn-genesinin-mejlisine-gatnasdy","status":"publish","type":"post","link":"https:\/\/zamanturkmenistan.com.tm\/?p=118542","title":{"rendered":"T\u00fcrkmenistany\u0148 wekili\u00fdeti \u015eHG-ni\u0148 H\u00f6k\u00fcmet ba\u015ftutanlaryny\u0148 ge\u0148e\u015fini\u0148 mejlisine gatna\u015fdy"},"content":{"rendered":"<p>16-njy okt\u00fdabrda Pakistan Yslam Respublikasyna saparyny\u0148 \u00e7\u00e4ginde T\u00fcrkmenistany\u0148 Da\u015fary i\u015fler ministri Ra\u015fid Meredowy\u0148 \u00fdolba\u015f\u00e7ylygyndaky T\u00fcrkmenistany\u0148 wekili\u00fdeti \u015eanha\u00fd Hyzmatda\u015flyk Guramasyny\u0148 (\u015eHG) H\u00f6k\u00fcmet ba\u015ftutanlary ge\u0148e\u015fini\u0148 mejlisine gatna\u015fdy.<br \/>\nT\u00fcrkmen tarapy \u00f6z \u00e7yky\u015fynda h\u00e4zirki wagtda T\u00fcrkmenistan bilen \u015eHG-ni\u0148 arasyndaky hyzmatda\u015flyga t\u00e4ze itergi bermek \u00fc\u00e7in ob\u00fdektiw we hakyky m\u00fcmkin\u00e7ilikleri\u0148 bardygyny belledi. Ulag, aragatna\u015fyk, energetika, s\u00f6wda we ma\u00fda go\u00fdum i\u015fi \u00f6zara hyzmatda\u015flygy\u0148 ileri tutul\u00fdan ugurlaryny\u0148 hatarynda g\u00f6rkezildi.<br \/>\n\u015eunu\u0148 bilen baglylykda, \u015eHG-na agza \u00fdurtlar we hyzmatda\u015flar bilen, hususan-da T\u00fcrkmenistan-Owganystan-Pakistan-Hindistan (TOPH) gaz ge\u00e7irijisini\u0148 taslamasy \u00fdaly territorial we gurlu\u015f ta\u00fddan \u00f6zara baglany\u015fykly geljegi uly bilelikd\u00e4ki taslamalary\u0148 durmu\u015fa ge\u00e7irilmegine \u00fcnsi jemlemek teklip edildi.<br \/>\nUlag-logistika ulgamyndaky hyzmatda\u015flyk meselesine degip ge\u00e7en t\u00fcrkmen wekili\u00fdeti, Hazar de\u0148zini\u0148 g\u00fcndogar kenar\u00fdakasy bo\u00fdun\u00e7a E\u00fdrana we Hindistana \u00e7ykalgasy bolan \u00abDemirgazyk &#8211; G\u00fcnorta\u00bb ulag ge\u00e7elgesini\u0148 \u00e4hmi\u00fdetini nygtady.<br \/>\nS\u00f6wda dolan\u015fygyny mundan be\u00fdk\u00e4k hem \u00fdokarlandyrmak we i\u015few\u00fcr toparlary\u0148 arasynda g\u00f6ni aragatna\u015fyklary gi\u0148eltmek \u00fc\u00e7in uly m\u00fcmkin\u00e7ilikleri\u0148 bardygy bellenildi.<br \/>\nMedeni-ynsanperwer gatna\u015fyklara \u00fcnsi \u00e7ekip, T\u00fcrkmenistany\u0148 Da\u015fary i\u015fler ministri \u015eHG-ni\u0148 \u00fdurtlaryna, olary\u0148 \u00fdolba\u015f\u00e7ylaryna we \u00fdokary derejeli wekillerine \u00fdakynda A\u015fgabatda ge\u00e7irilen t\u00fcrkmen edebi\u00fdatyny\u0148 nusgawy \u015fahyry we filosofy Magtymguly Pyragyny\u0148 \u00fdubile\u00fdine bagy\u015flanan Halkara forumyna gatna\u015fandyklary \u00fc\u00e7in minnetdarlyk bildirdi.<\/p>\n","protected":false},"excerpt":{"rendered":"<p>16-njy okt\u00fdabrda Pakistan Yslam Respublikasyna saparyny\u0148 \u00e7\u00e4ginde T\u00fcrkmenistany\u0148 Da\u015fary i\u015fler ministri Ra\u015fid Meredowy\u0148 \u00fdolba\u015f\u00e7ylygyndaky T\u00fcrkmenistany\u0148 wekili\u00fdeti \u015eanha\u00fd Hyzmatda\u015flyk Guramasyny\u0148 (\u015eHG) H\u00f6k\u00fcmet ba\u015ftutanlary ge\u0148e\u015fini\u0148 mejlisine gatna\u015fdy. T\u00fcrkmen tarapy \u00f6z \u00e7yky\u015fynda h\u00e4zirki wagtda T\u00fcrkmenistan bilen \u015eHG-ni\u0148 arasyndaky hyzmatda\u015flyga t\u00e4ze itergi bermek \u00fc\u00e7in ob\u00fdektiw we hakyky m\u00fcmkin\u00e7ilikleri\u0148 bardygyny belledi. Ulag, aragatna\u015fyk, energetika, s\u00f6wda we ma\u00fda go\u00fdum i\u015fi \u00f6zara [&hellip;]<\/p>\n","protected":false},"author":2,"featured_media":118530,"comment_status":"open","ping_status":"closed","sticky":false,"template":"","format":"standard","meta":{"footnotes":""},"categories":[3],"tags":[],"acf":[],"_links":{"self":[{"href":"https:\/\/zamanturkmenistan.com.tm\/index.php?rest_route=\/wp\/v2\/posts\/118542"}],"collection":[{"href":"https:\/\/zamanturkmenistan.com.tm\/index.php?rest_route=\/wp\/v2\/posts"}],"about":[{"href":"https:\/\/zamanturkmenistan.com.tm\/index.php?rest_route=\/wp\/v2\/types\/post"}],"author":[{"embeddable":true,"href":"https:\/\/zamanturkmenistan.com.tm\/index.php?rest_route=\/wp\/v2\/users\/2"}],"replies":[{"embeddable":true,"href":"https:\/\/zamanturkmenistan.com.tm\/index.php?rest_route=%2Fwp%2Fv2%2Fcomments&post=118542"}],"version-history":[{"count":1,"href":"https:\/\/zamanturkmenistan.com.tm\/index.php?rest_route=\/wp\/v2\/posts\/118542\/revisions"}],"predecessor-version":[{"id":118547,"href":"https:\/\/zamanturkmenistan.com.tm\/index.php?rest_route=\/wp\/v2\/posts\/118542\/revisions\/118547"}],"wp:featuredmedia":[{"embeddable":true,"href":"https:\/\/zamanturkmenistan.com.tm\/index.php?rest_route=\/wp\/v2\/media\/118530"}],"wp:attachment":[{"href":"https:\/\/zamanturkmenistan.com.tm\/index.php?rest_route=%2Fwp%2Fv2%2Fmedia&parent=118542"}],"wp:term":[{"taxonomy":"category","embeddable":true,"href":"https:\/\/zamanturkmenistan.com.tm\/index.php?rest_route=%2Fwp%2Fv2%2Fcategories&post=118542"},{"taxonomy":"post_tag","embeddable":true,"href":"https:\/\/zamanturkmenistan.com.tm\/index.php?rest_route=%2Fwp%2Fv2%2Ftags&post=118542"}],"curies":[{"name":"wp","href":"https:\/\/api.w.org\/{rel}","templated":true}]}}