{"id":118753,"date":"2024-10-19T10:02:12","date_gmt":"2024-10-19T05:02:12","guid":{"rendered":"https:\/\/zamanturkmenistan.com.tm\/?p=118753"},"modified":"2024-10-19T10:02:12","modified_gmt":"2024-10-19T05:02:12","slug":"dowlet-bastutanymyz-turkmenistanyn-prezidentinin-turkmenin-altyn-asyry-atly-bayragyny-almak-ugrundaky-baslesigi-yglan-etmek-hakyndaky-karara-gol-cekdi","status":"publish","type":"post","link":"https:\/\/zamanturkmenistan.com.tm\/?p=118753","title":{"rendered":"D\u00f6wlet Ba\u015ftutanymyz T\u00fcrkmenistany\u0148 Prezidentini\u0148 \u201cT\u00fcrkmeni\u0148 Altyn asyry\u201d atly ba\u00fdragyny almak ugrundaky b\u00e4sle\u015figi yglan etmek hakyndaky Karara gol \u00e7ekdi"},"content":{"rendered":"<p>T\u00fcrkmenistany\u0148 Gara\u015fsyzlygyny\u0148 34 \u00fdyllygyny, baky Bitaraplyk derej\u00e4mize ygrarlylykda alyp bar\u00fdan ho\u015fni\u00fdetli i\u00e7eri we da\u015fary sy\u00fdasatymyzy, bedew bady bilen ynamly \u00f6\u0148e bar\u00fdan d\u00f6wletli Di\u00fdarymyzy\u0148 taryhy \u00f6zgeri\u015flerini, bagty\u00fdar halkymyzy\u0148 abadan \u00fda\u015fa\u00fd\u015fyny, \u015f\u00f6hratly taryhymyzy, g\u00f6zel tebigatymyzy, milli \u00fdol-\u00fd\u00f6relgelerimizi k\u00e4mil eserleri\u0148 \u00fcsti bilen be\u00fdan ed\u00fd\u00e4n, t\u00fcrkmen medeni\u00fdetini, sungatyny, edebi\u00fdatyny \u00f6sd\u00fcrm\u00e4ge uly go\u015fant go\u015f\u00fdan zehinli d\u00f6redijilik i\u015fg\u00e4rlerini \u00fd\u00fcze \u00e7ykarmak, olary\u0148 i\u0148 ussatlaryny sa\u00fdlap-se\u00e7mek hem-de h\u00f6weslendirmek maksady bilen, T\u00fcrkmenistany\u0148 Prezidenti edebi\u00fdat, medeni\u00fdet we sungat i\u015fg\u00e4rlerini\u0148, h\u00f6wesje\u0148 a\u00fddym\u00e7y \u00fda\u015flary\u0148 hem-de zehinli \u00e7agalary\u0148 arasynda T\u00fcrkmenistany\u0148 Prezidentini\u0148 \u201cT\u00fcrkmeni\u0148 Altyn asyry\u201d atly ba\u00fdragyny almak ugrundaky b\u00e4sle\u015figi yglan etmek hakynda Karara gol \u00e7ekdi.<br \/>\nResminama la\u00fdyklykda, b\u00e4sle\u015fige h\u00f6wes bildiren da\u015fary \u00fdurt ra\u00fdatlary hem gatna\u015fyp bilerler. Bu b\u00e4sle\u015figi\u0148 \u00fde\u0148ijileri bellenilen ugurlar bo\u00fdun\u00e7a kesgitleniler. \u015ee\u00fdle-de onu\u0148 \u00e7\u00e4klerinde h\u00f6wesje\u0148 a\u00fddym\u00e7y \u00fda\u015flary\u0148 arasynda \u201c\u00dda\u0148lan, Di\u00fdarym!\u201d teleb\u00e4sle\u015figi, dutar\u00e7y bag\u015fy-sazandalary\u0148 arasynda \u201c\u00c7alsana, bag\u015fy!\u201d b\u00e4sle\u015figi, zehinli \u00e7agalary\u0148 arasynda \u201cGara\u015fsyzlygy\u0148 merjen d\u00e4neleri\u201d b\u00e4sle\u015figi yglan edildi.<br \/>\nT\u00fcrkmenistany\u0148 Prezidentini\u0148 Karary \u201cEdebi\u00fdat we sungat\u201d gazetinde dolulygyna \u00e7ap edil\u00fd\u00e4r.<\/p>\n","protected":false},"excerpt":{"rendered":"<p>T\u00fcrkmenistany\u0148 Gara\u015fsyzlygyny\u0148 34 \u00fdyllygyny, baky Bitaraplyk derej\u00e4mize ygrarlylykda alyp bar\u00fdan ho\u015fni\u00fdetli i\u00e7eri we da\u015fary sy\u00fdasatymyzy, bedew bady bilen ynamly \u00f6\u0148e bar\u00fdan d\u00f6wletli Di\u00fdarymyzy\u0148 taryhy \u00f6zgeri\u015flerini, bagty\u00fdar halkymyzy\u0148 abadan \u00fda\u015fa\u00fd\u015fyny, \u015f\u00f6hratly taryhymyzy, g\u00f6zel tebigatymyzy, milli \u00fdol-\u00fd\u00f6relgelerimizi k\u00e4mil eserleri\u0148 \u00fcsti bilen be\u00fdan ed\u00fd\u00e4n, t\u00fcrkmen medeni\u00fdetini, sungatyny, edebi\u00fdatyny \u00f6sd\u00fcrm\u00e4ge uly go\u015fant go\u015f\u00fdan zehinli d\u00f6redijilik i\u015fg\u00e4rlerini \u00fd\u00fcze \u00e7ykarmak, olary\u0148 [&hellip;]<\/p>\n","protected":false},"author":2,"featured_media":90150,"comment_status":"open","ping_status":"closed","sticky":false,"template":"","format":"standard","meta":{"footnotes":""},"categories":[3],"tags":[],"acf":[],"_links":{"self":[{"href":"https:\/\/zamanturkmenistan.com.tm\/index.php?rest_route=\/wp\/v2\/posts\/118753"}],"collection":[{"href":"https:\/\/zamanturkmenistan.com.tm\/index.php?rest_route=\/wp\/v2\/posts"}],"about":[{"href":"https:\/\/zamanturkmenistan.com.tm\/index.php?rest_route=\/wp\/v2\/types\/post"}],"author":[{"embeddable":true,"href":"https:\/\/zamanturkmenistan.com.tm\/index.php?rest_route=\/wp\/v2\/users\/2"}],"replies":[{"embeddable":true,"href":"https:\/\/zamanturkmenistan.com.tm\/index.php?rest_route=%2Fwp%2Fv2%2Fcomments&post=118753"}],"version-history":[{"count":1,"href":"https:\/\/zamanturkmenistan.com.tm\/index.php?rest_route=\/wp\/v2\/posts\/118753\/revisions"}],"predecessor-version":[{"id":118754,"href":"https:\/\/zamanturkmenistan.com.tm\/index.php?rest_route=\/wp\/v2\/posts\/118753\/revisions\/118754"}],"wp:featuredmedia":[{"embeddable":true,"href":"https:\/\/zamanturkmenistan.com.tm\/index.php?rest_route=\/wp\/v2\/media\/90150"}],"wp:attachment":[{"href":"https:\/\/zamanturkmenistan.com.tm\/index.php?rest_route=%2Fwp%2Fv2%2Fmedia&parent=118753"}],"wp:term":[{"taxonomy":"category","embeddable":true,"href":"https:\/\/zamanturkmenistan.com.tm\/index.php?rest_route=%2Fwp%2Fv2%2Fcategories&post=118753"},{"taxonomy":"post_tag","embeddable":true,"href":"https:\/\/zamanturkmenistan.com.tm\/index.php?rest_route=%2Fwp%2Fv2%2Ftags&post=118753"}],"curies":[{"name":"wp","href":"https:\/\/api.w.org\/{rel}","templated":true}]}}