{"id":118777,"date":"2024-10-19T12:15:13","date_gmt":"2024-10-19T07:15:13","guid":{"rendered":"https:\/\/zamanturkmenistan.com.tm\/?p=118777"},"modified":"2024-10-19T12:15:13","modified_gmt":"2024-10-19T07:15:13","slug":"yewraziya-patent-guramasynyn-yewraziya-patent-edarasynyn-prezidenti-bilen-dususyk-gecirildi","status":"publish","type":"post","link":"https:\/\/zamanturkmenistan.com.tm\/?p=118777","title":{"rendered":"\u00ddewrazi\u00fda patent guramasyny\u0148 \u00ddewrazi\u00fda patent edarasyny\u0148 Prezidenti bilen du\u015fu\u015fyk ge\u00e7irildi"},"content":{"rendered":"<p>16-njy okt\u00fdabrda T\u00fcrkmenistany\u0148 Da\u015fary i\u015fler ministrini\u0148 orunbasary M\u00e4hri B\u00e4\u015fimowa bilen \u00ddewrazi\u00fda patent guramasyny\u0148 (\u00ddPG) \u00ddewrazi\u00fda patent edarasyny\u0148 Prezidenti Grigori\u00fd Iwli\u00fdewi\u0148 arasynda du\u015fu\u015fyk ge\u00e7irildi.<br \/>\nDu\u015fu\u015fygy\u0148 ba\u015fynda M.B\u00e4\u015fimowa 16-njy okt\u00fdabrdan 17-nji okt\u00fdabr aralygynda ge\u00e7iriljek Senagat nusgalaryny goramak bo\u00fdun\u00e7a sebitle\u00fdin okuw maslahatyna gatna\u015fandygy we sapar bilen gelendigi \u00fc\u00e7in G.Iwli\u00fdewe minnetdarlyk bildirdi.<br \/>\nDu\u015fu\u015fygy\u0148 dowamynda T\u00fcrkmenistan bilen \u00ddPG-ny\u0148 arasyndaky hyzmatda\u015flygy\u0148 h\u00e4zirki \u00fdagda\u00fdy we \u00f6sd\u00fcrmegi\u0148 geljegi, \u015fol sanda bilelikd\u00e4ki \u00e7\u00e4releri ge\u00e7irmek meseleleri ara alnyp maslahatla\u015fyldy. T\u00fcrkmenistany\u0148 \u00ddPG-ni\u0148 i\u015fje\u0148 gatna\u015fyjylaryny\u0148 biri bolup dur\u00fdandygy we bu guramany\u0148 esasy resminamasyna \u2013 \u00ddewrazi\u00fda Patent Konwensi\u00fdasi\u00fdasyna go\u015fulan ilkinji d\u00f6wletdigi nygtaldy.<br \/>\nT\u00fcrkmen tarapy d\u00f6wleti\u0148 hususy e\u00fde\u00e7iligini\u0148 ob\u00fdektlerini goramak bo\u00fdun\u00e7a kanun\u00e7ylyk bin\u00fdady k\u00e4mille\u015fdirmegi we onu\u0148 halkara kanun\u00e7ylygyna la\u00fdyk gelmegini maksat edin\u00fd\u00e4n T\u00fcrkmenistany\u0148 intellektual e\u00fde\u00e7ilik ulgamyny \u00f6sd\u00fcrmegi\u0148 2021-2025-nji \u00fdyllar \u00fc\u00e7in Maksatnamasyny\u0148 i\u015fje\u0148 durmu\u015fa ge\u00e7irili\u015fi bilen bir hatarda, bu ugurda \u00fdurdu\u0148 milli derejed\u00e4ki esasy amala a\u015fyr\u00fdan i\u015flerini be\u00fdan etdi.<br \/>\nTaraplar \u00ddPG bilen i\u015f \u00fd\u00fcz\u00fcnd\u00e4ki hyzmatda\u015flygy gi\u0148eltmegi\u0148, \u015fol sanda milli i\u015fg\u00e4rleri\u0148 h\u00fcn\u00e4r derejesini, \u015fe\u00fdle-de intellektual e\u00fde\u00e7iligi goramak bilen bagly hukuk meseleleri bo\u00fdun\u00e7a gatna\u015fyklary \u00fdokarlandyrmagy\u0148 m\u00fcmkin\u00e7iliklerine seretdiler.<br \/>\nDu\u015fu\u015fygy\u0148 ahyrynda taraplar \u00f6zara pe\u00fddaly hyzmatda\u015flygy has-da gi\u0148eltm\u00e4ge ta\u00fd\u00fdardyklaryny m\u00e4lim etdiler.<\/p>\n","protected":false},"excerpt":{"rendered":"<p>16-njy okt\u00fdabrda T\u00fcrkmenistany\u0148 Da\u015fary i\u015fler ministrini\u0148 orunbasary M\u00e4hri B\u00e4\u015fimowa bilen \u00ddewrazi\u00fda patent guramasyny\u0148 (\u00ddPG) \u00ddewrazi\u00fda patent edarasyny\u0148 Prezidenti Grigori\u00fd Iwli\u00fdewi\u0148 arasynda du\u015fu\u015fyk ge\u00e7irildi. Du\u015fu\u015fygy\u0148 ba\u015fynda M.B\u00e4\u015fimowa 16-njy okt\u00fdabrdan 17-nji okt\u00fdabr aralygynda ge\u00e7iriljek Senagat nusgalaryny goramak bo\u00fdun\u00e7a sebitle\u00fdin okuw maslahatyna gatna\u015fandygy we sapar bilen gelendigi \u00fc\u00e7in G.Iwli\u00fdewe minnetdarlyk bildirdi. Du\u015fu\u015fygy\u0148 dowamynda T\u00fcrkmenistan bilen \u00ddPG-ny\u0148 arasyndaky hyzmatda\u015flygy\u0148 [&hellip;]<\/p>\n","protected":false},"author":2,"featured_media":118778,"comment_status":"open","ping_status":"closed","sticky":false,"template":"","format":"standard","meta":{"footnotes":""},"categories":[3],"tags":[],"acf":[],"_links":{"self":[{"href":"https:\/\/zamanturkmenistan.com.tm\/index.php?rest_route=\/wp\/v2\/posts\/118777"}],"collection":[{"href":"https:\/\/zamanturkmenistan.com.tm\/index.php?rest_route=\/wp\/v2\/posts"}],"about":[{"href":"https:\/\/zamanturkmenistan.com.tm\/index.php?rest_route=\/wp\/v2\/types\/post"}],"author":[{"embeddable":true,"href":"https:\/\/zamanturkmenistan.com.tm\/index.php?rest_route=\/wp\/v2\/users\/2"}],"replies":[{"embeddable":true,"href":"https:\/\/zamanturkmenistan.com.tm\/index.php?rest_route=%2Fwp%2Fv2%2Fcomments&post=118777"}],"version-history":[{"count":1,"href":"https:\/\/zamanturkmenistan.com.tm\/index.php?rest_route=\/wp\/v2\/posts\/118777\/revisions"}],"predecessor-version":[{"id":118779,"href":"https:\/\/zamanturkmenistan.com.tm\/index.php?rest_route=\/wp\/v2\/posts\/118777\/revisions\/118779"}],"wp:featuredmedia":[{"embeddable":true,"href":"https:\/\/zamanturkmenistan.com.tm\/index.php?rest_route=\/wp\/v2\/media\/118778"}],"wp:attachment":[{"href":"https:\/\/zamanturkmenistan.com.tm\/index.php?rest_route=%2Fwp%2Fv2%2Fmedia&parent=118777"}],"wp:term":[{"taxonomy":"category","embeddable":true,"href":"https:\/\/zamanturkmenistan.com.tm\/index.php?rest_route=%2Fwp%2Fv2%2Fcategories&post=118777"},{"taxonomy":"post_tag","embeddable":true,"href":"https:\/\/zamanturkmenistan.com.tm\/index.php?rest_route=%2Fwp%2Fv2%2Ftags&post=118777"}],"curies":[{"name":"wp","href":"https:\/\/api.w.org\/{rel}","templated":true}]}}