{"id":119035,"date":"2024-10-24T09:27:43","date_gmt":"2024-10-24T04:27:43","guid":{"rendered":"https:\/\/zamanturkmenistan.com.tm\/?p=119035"},"modified":"2024-10-24T09:27:43","modified_gmt":"2024-10-24T04:27:43","slug":"turkmenistanyn-dim-nde-turkmen-tajik-dasary-isler-ministrliklerinin-arasynda-genesmeler-gecirildi","status":"publish","type":"post","link":"https:\/\/zamanturkmenistan.com.tm\/?p=119035","title":{"rendered":"T\u00fcrkmenistany\u0148 DIM-nde t\u00fcrkmen-t\u00e4jik da\u015fary i\u015fler ministrliklerini\u0148 arasynda ge\u0148e\u015fmeler ge\u00e7irildi"},"content":{"rendered":"<p>23-nji okt\u00fdabrda T\u00fcrkmenistany\u0148 DIM-nde T\u00fcrkmenistany\u0148 we T\u00e4jigistan Respublikasyny\u0148 Da\u015fary i\u015fler ministrliklerini\u0148 birn\u00e4\u00e7e d\u00fcz\u00fcm birliklerini\u0148 \u00fdolba\u015f\u00e7ylaryny\u0148 gatna\u015fmagynda ge\u0148e\u015fmeler ge\u00e7irildi.<br \/>\nGe\u0148e\u015fmeleri\u0148 dowamynda iki \u00fdurdu\u0148 arasynda sy\u00fdasy-diplomatik dialogy\u0148 \u00f6s\u00fc\u015fi ara alnyp maslahatla\u015fyldy we \u00fdokary derejede yzygiderli gatna\u015fyklary\u0148 \u00e4hmi\u00fdeti nygtaldy. Sebitle\u00fdin we halkara gurlu\u015flary\u0148, hususan-da BMG-ni\u0148 \u00e7\u00e4gind\u00e4ki \u00fdakyn hyzmatda\u015flyk we \u00f6zara goldaw bellenildi.<br \/>\nDiplomatlar halkara we sebit sy\u00fdasatyny\u0148 wajyp meseleleri bo\u00fdun\u00e7a pikir aly\u015fdylar. \u015eunu\u0148 bilen baglylykda sebit howpsuzlygy, hususan-da, Owganystandaky parahat\u00e7ylygy gurmak, ykdysady\u00fdeti we sy\u00fdasy durnuklylygy dikeltmek, \u015fe\u00fdle hem t\u00e4ze \u00e4hlumumy wehimlere we howplara gar\u015fy durmak meselesine \u00fcns berildi.<br \/>\nTaraplar da\u015fary sy\u00fdasat edaralaryny\u0148 arasyndaky hyzmatda\u015flygy\u0148 netijeliligini hem bellediler. \u015eunlukda diplomatlar iki \u00fdurdu\u0148 da\u015fary i\u015fler ministrliklerini\u0148 arasynda h\u00e4zirki wagtda hereket ed\u00fd\u00e4n Hyzmatda\u015flyk Maksatnamasyny\u0148 \u00e7\u00e4gind\u00e4ki \u00f6zara gatna\u015fyklary\u0148 derejesine \u00fdokary baha berdiler.<br \/>\nGe\u0148e\u015fmeleri\u0148 dowamynda da\u015fary sy\u00fdasaty me\u00fdille\u015fdirmek, ikitarapla\u00fdyn konsullyk hyzmatda\u015flygy, \u015fe\u00fdle hem iki \u00fdurdu\u0148 da\u015fary sy\u00fdasat edaralaryny\u0148 i\u015fg\u00e4rler sy\u00fdasatyny durmu\u015fa ge\u00e7irmek meseleleri bo\u00fdun\u00e7a gi\u0148i\u015fle\u00fdin pikir aly\u015fmalar ge\u00e7irildi.<\/p>\n","protected":false},"excerpt":{"rendered":"<p>23-nji okt\u00fdabrda T\u00fcrkmenistany\u0148 DIM-nde T\u00fcrkmenistany\u0148 we T\u00e4jigistan Respublikasyny\u0148 Da\u015fary i\u015fler ministrliklerini\u0148 birn\u00e4\u00e7e d\u00fcz\u00fcm birliklerini\u0148 \u00fdolba\u015f\u00e7ylaryny\u0148 gatna\u015fmagynda ge\u0148e\u015fmeler ge\u00e7irildi. Ge\u0148e\u015fmeleri\u0148 dowamynda iki \u00fdurdu\u0148 arasynda sy\u00fdasy-diplomatik dialogy\u0148 \u00f6s\u00fc\u015fi ara alnyp maslahatla\u015fyldy we \u00fdokary derejede yzygiderli gatna\u015fyklary\u0148 \u00e4hmi\u00fdeti nygtaldy. Sebitle\u00fdin we halkara gurlu\u015flary\u0148, hususan-da BMG-ni\u0148 \u00e7\u00e4gind\u00e4ki \u00fdakyn hyzmatda\u015flyk we \u00f6zara goldaw bellenildi. Diplomatlar halkara we sebit sy\u00fdasatyny\u0148 wajyp [&hellip;]<\/p>\n","protected":false},"author":2,"featured_media":119036,"comment_status":"open","ping_status":"closed","sticky":false,"template":"","format":"standard","meta":{"footnotes":""},"categories":[3],"tags":[],"acf":[],"_links":{"self":[{"href":"https:\/\/zamanturkmenistan.com.tm\/index.php?rest_route=\/wp\/v2\/posts\/119035"}],"collection":[{"href":"https:\/\/zamanturkmenistan.com.tm\/index.php?rest_route=\/wp\/v2\/posts"}],"about":[{"href":"https:\/\/zamanturkmenistan.com.tm\/index.php?rest_route=\/wp\/v2\/types\/post"}],"author":[{"embeddable":true,"href":"https:\/\/zamanturkmenistan.com.tm\/index.php?rest_route=\/wp\/v2\/users\/2"}],"replies":[{"embeddable":true,"href":"https:\/\/zamanturkmenistan.com.tm\/index.php?rest_route=%2Fwp%2Fv2%2Fcomments&post=119035"}],"version-history":[{"count":1,"href":"https:\/\/zamanturkmenistan.com.tm\/index.php?rest_route=\/wp\/v2\/posts\/119035\/revisions"}],"predecessor-version":[{"id":119037,"href":"https:\/\/zamanturkmenistan.com.tm\/index.php?rest_route=\/wp\/v2\/posts\/119035\/revisions\/119037"}],"wp:featuredmedia":[{"embeddable":true,"href":"https:\/\/zamanturkmenistan.com.tm\/index.php?rest_route=\/wp\/v2\/media\/119036"}],"wp:attachment":[{"href":"https:\/\/zamanturkmenistan.com.tm\/index.php?rest_route=%2Fwp%2Fv2%2Fmedia&parent=119035"}],"wp:term":[{"taxonomy":"category","embeddable":true,"href":"https:\/\/zamanturkmenistan.com.tm\/index.php?rest_route=%2Fwp%2Fv2%2Fcategories&post=119035"},{"taxonomy":"post_tag","embeddable":true,"href":"https:\/\/zamanturkmenistan.com.tm\/index.php?rest_route=%2Fwp%2Fv2%2Ftags&post=119035"}],"curies":[{"name":"wp","href":"https:\/\/api.w.org\/{rel}","templated":true}]}}