{"id":119565,"date":"2024-10-31T20:07:06","date_gmt":"2024-10-31T15:07:06","guid":{"rendered":"https:\/\/zamanturkmenistan.com.tm\/?p=119565"},"modified":"2024-10-31T20:07:06","modified_gmt":"2024-10-31T15:07:06","slug":"gana-respublikasynyn-turkmenistandaky-ilcisi-diplomatik-isini-tamamlayar","status":"publish","type":"post","link":"https:\/\/zamanturkmenistan.com.tm\/?p=119565","title":{"rendered":"Gana Respublikasyny\u0148 T\u00fcrkmenistandaky Il\u00e7isi diplomatik i\u015fini tamamla\u00fdar"},"content":{"rendered":"<p>31-nji okt\u00fdabrda T\u00fcrkmenistany\u0148 Da\u015fary i\u015fler ministrini\u0148 orunbasary Ahmet Gurbanow diplomatik i\u015fini tamamla\u00fdan Gana Respublikasyny\u0148 T\u00fcrkmenistandaky Adatdan da\u015fary we Doly ygty\u00fdarly Il\u00e7isi (otur\u00fdan \u00fderi T\u00e4hran \u015f.) Erik Owusu-Boateng bilen du\u015fu\u015fyk ge\u00e7irdi.<br \/>\nDu\u015fu\u015fygy\u0148 dowamynda taraplar iki \u00fdurdu\u0148 \u00f6zara gyzyklanma bildir\u00fd\u00e4n \u00e4hli ugurlarynda ikitarapla\u00fdyn gatna\u015fyklary pugtalandyrmaga ygrarlylygyny tassykladylar. Ikinji sy\u00fdasy ge\u0148e\u015fmeleri, \u015fe\u00fdle hem iki \u00fdurdu\u0148 i\u015few\u00fcr toparlaryny\u0148 arasynda du\u015fu\u015fyklary ge\u00e7irmegi\u0148 m\u00fcmkin\u00e7ilikleri ara alnyp maslahatla\u015fyldy.<br \/>\nDu\u015fu\u015fygy\u0148 ahyrynda T\u00fcrkmenistany\u0148 Da\u015fary i\u015fler ministrini\u0148 orunbasary ikitarapla\u00fdyn t\u00fcrkmen-gana gatna\u015fyklaryny pugtalandyrmaga go\u015fan go\u015fandy \u00fc\u00e7in Il\u00e7\u00e4 sagbolsun a\u00fdtdy we geljekki i\u015flerinde \u00fcst\u00fcnlikleri arzuw etdi.<br \/>\n\u00d6z gezeginde Il\u00e7i T\u00fcrkmenistanda diplomatik wezipesini durmu\u015fa ge\u00e7irmekde berlen hemmetarapla\u00fdyn goldaw we \u00fdardam \u00fc\u00e7in t\u00fcrkmen tarapyna t\u00fc\u00fds \u00fd\u00fcrekden ho\u015fallyk bildirdi.<\/p>\n","protected":false},"excerpt":{"rendered":"<p>31-nji okt\u00fdabrda T\u00fcrkmenistany\u0148 Da\u015fary i\u015fler ministrini\u0148 orunbasary Ahmet Gurbanow diplomatik i\u015fini tamamla\u00fdan Gana Respublikasyny\u0148 T\u00fcrkmenistandaky Adatdan da\u015fary we Doly ygty\u00fdarly Il\u00e7isi (otur\u00fdan \u00fderi T\u00e4hran \u015f.) Erik Owusu-Boateng bilen du\u015fu\u015fyk ge\u00e7irdi. Du\u015fu\u015fygy\u0148 dowamynda taraplar iki \u00fdurdu\u0148 \u00f6zara gyzyklanma bildir\u00fd\u00e4n \u00e4hli ugurlarynda ikitarapla\u00fdyn gatna\u015fyklary pugtalandyrmaga ygrarlylygyny tassykladylar. Ikinji sy\u00fdasy ge\u0148e\u015fmeleri, \u015fe\u00fdle hem iki \u00fdurdu\u0148 i\u015few\u00fcr toparlaryny\u0148 arasynda [&hellip;]<\/p>\n","protected":false},"author":2,"featured_media":119566,"comment_status":"open","ping_status":"closed","sticky":false,"template":"","format":"standard","meta":{"footnotes":""},"categories":[3],"tags":[],"acf":[],"_links":{"self":[{"href":"https:\/\/zamanturkmenistan.com.tm\/index.php?rest_route=\/wp\/v2\/posts\/119565"}],"collection":[{"href":"https:\/\/zamanturkmenistan.com.tm\/index.php?rest_route=\/wp\/v2\/posts"}],"about":[{"href":"https:\/\/zamanturkmenistan.com.tm\/index.php?rest_route=\/wp\/v2\/types\/post"}],"author":[{"embeddable":true,"href":"https:\/\/zamanturkmenistan.com.tm\/index.php?rest_route=\/wp\/v2\/users\/2"}],"replies":[{"embeddable":true,"href":"https:\/\/zamanturkmenistan.com.tm\/index.php?rest_route=%2Fwp%2Fv2%2Fcomments&post=119565"}],"version-history":[{"count":1,"href":"https:\/\/zamanturkmenistan.com.tm\/index.php?rest_route=\/wp\/v2\/posts\/119565\/revisions"}],"predecessor-version":[{"id":119567,"href":"https:\/\/zamanturkmenistan.com.tm\/index.php?rest_route=\/wp\/v2\/posts\/119565\/revisions\/119567"}],"wp:featuredmedia":[{"embeddable":true,"href":"https:\/\/zamanturkmenistan.com.tm\/index.php?rest_route=\/wp\/v2\/media\/119566"}],"wp:attachment":[{"href":"https:\/\/zamanturkmenistan.com.tm\/index.php?rest_route=%2Fwp%2Fv2%2Fmedia&parent=119565"}],"wp:term":[{"taxonomy":"category","embeddable":true,"href":"https:\/\/zamanturkmenistan.com.tm\/index.php?rest_route=%2Fwp%2Fv2%2Fcategories&post=119565"},{"taxonomy":"post_tag","embeddable":true,"href":"https:\/\/zamanturkmenistan.com.tm\/index.php?rest_route=%2Fwp%2Fv2%2Ftags&post=119565"}],"curies":[{"name":"wp","href":"https:\/\/api.w.org\/{rel}","templated":true}]}}