{"id":119650,"date":"2024-11-02T10:31:08","date_gmt":"2024-11-02T05:31:08","guid":{"rendered":"https:\/\/zamanturkmenistan.com.tm\/?p=119650"},"modified":"2024-11-02T10:31:08","modified_gmt":"2024-11-02T05:31:08","slug":"asgabatda-gorkut-ata-atly-halkara-kinofestiwaly-geciriler","status":"publish","type":"post","link":"https:\/\/zamanturkmenistan.com.tm\/?p=119650","title":{"rendered":"A\u015f\u00adga\u00adbat\u00adda \u00abGor\u00adkut ata\u00bb at\u00adly hal\u00adka\u00adra ki\u00adno\u00adfes\u00adti\u00adwa\u00adly ge\u00ad\u00e7i\u00adri\u00adler"},"content":{"rendered":"<p>13 \u2014 15-nji no\u00ad\u00fdabr ara\u00adly\u00adgyn\u00adda pa\u00fd\u00adtag\u00adty\u00admyz\u00adda \u00abGor\u00adkut ata\u00bb at\u00adly hal\u00adka\u00adra ki\u00adno\u00adfes\u00adti\u00adwa\u00adly\u00adny ge\u00ad\u00e7ir\u00adm\u00e4\u00adge ta\u00fd\u00ad\u00fdar\u00adlyk g\u00f6\u00adr\u00fcl\u00ad\u00fd\u00e4r.<br \/>\nHal\u00adka\u00adra ki\u00adno\u00adfes\u00adti\u00adwa\u00adly\u0148 a\u00e7y\u00adly\u015f we \u00fda\u00adpy\u00adly\u015f, ba\u00fd\u00adrak\u00adla\u00adry\u0148 gow\u00ad\u015fu\u00adry\u00adly\u015f da\u00adba\u00adra\u00adla\u00adry\u00adny T\u00fcrk\u00adme\u00adnis\u00adta\u00adny\u0148 D\u00f6w\u00adlet me\u00adde\u00adni\u00ad\u00fdet mer\u00adke\u00adzi\u00adni\u0148 Mu\u00adkam\u00adlar k\u00f6\u015f\u00adg\u00fcn\u00adde ge\u00ad\u00e7ir\u00admek g\u00f6z \u00f6\u0148\u00fcn\u00adde tu\u00adtul\u00ad\u00fdar. \u00abA\u015f\u00adga\u00adbat\u00bb myh\u00adman\u00adha\u00adna\u00adsyn\u00adda T\u00dcRK\u00adSO\u00dd-a ag\u00adza \u00fdurt\u00adla\u00adry\u0148 ki\u00adne\u00adma\u00adtog\u00adraf\u00adla\u00adry\u00adny\u0148 du\u00ad\u015fu\u00ad\u015fy\u00adgy\u00adny ge\u00ad\u00e7ir\u00admek, \u00abA\u015f\u00adga\u00adbat\u00bb ki\u00adno\u00adte\u00adat\u00adryn\u00adda, \u00abT\u00fcrk\u00adme\u00adnis\u00adtan\u00bb we \u00abWa\u00adtan\u00bb ki\u00adno\u00adkon\u00adsert mer\u00adkez\u00adle\u00adrin\u00adde fes\u00adti\u00adwa\u00adla gat\u00adna\u015f\u00ad\u00fdan \u00fdurt\u00adla\u00adry\u0148 ki\u00adno\u00adfilm\u00adle\u00adri\u00adni\u0148 g\u00f6r\u00adke\u00adzil\u00adme\u00adgi, T\u00fcrk\u00admen d\u00f6w\u00adlet me\u00adde\u00adni\u00ad\u00fdet ins\u00adti\u00adtu\u00adtyn\u00adda bol\u00adsa da\u00ad\u015fa\u00adry \u00fdurt\u00adly ki\u00adne\u00adma\u00adtog\u00adraf\u00adla\u00adry\u0148 we ar\u00adtist\u00adle\u00adri\u0148 ta\u00adlyp\u00adlar \u00fc\u00e7in us\u00adsat\u00adlyk sa\u00adpak\u00adla\u00adry\u00adny ge\u00ad\u00e7ir\u00admek g\u00f6z \u00f6\u0148\u00fcn\u00adde tu\u00adtul\u00ad\u00fdar. Da\u00ad\u015fa\u00adry \u00fdurt\u00adly myh\u00adman\u00adlar \u00fc\u00e7in pa\u00fd\u00adtag\u00adty\u00admyz\u00adda\u00adky we onu\u0148 ete\u00adgin\u00add\u00e4\u00adki aja\u00ad\u00fdyp \u00fder\u00adle\u00adre ge\u00adze\u00adlen\u00e7\u00adler gu\u00adra\u00adlar.<br \/>\nBu ba\u00adra\u00adda 1-nj\u0131i no\u00ad\u00fdabr\u00adda ge\u00ad\u00e7i\u00adri\u00adlen san\u00adly ul\u00adgam ar\u00adka\u00adly Mi\u00adnistr\u00adler Ka\u00adbi\u00adne\u00adti\u00adni\u0148 mej\u00adli\u00adsin\u00adde Mi\u00adnistr\u00adler Ka\u00adbi\u00adne\u00adti\u00adni\u0148 Ba\u015f\u00adly\u00adgy\u00adny\u0148 orun\u00adba\u00adsa\u00adry M.M\u00e4m\u00adme\u00addo\u00adwa ha\u00adsa\u00adbat ber\u00addi.<\/p>\n","protected":false},"excerpt":{"rendered":"<p>13 \u2014 15-nji no\u00ad\u00fdabr ara\u00adly\u00adgyn\u00adda pa\u00fd\u00adtag\u00adty\u00admyz\u00adda \u00abGor\u00adkut ata\u00bb at\u00adly hal\u00adka\u00adra ki\u00adno\u00adfes\u00adti\u00adwa\u00adly\u00adny ge\u00ad\u00e7ir\u00adm\u00e4\u00adge ta\u00fd\u00ad\u00fdar\u00adlyk g\u00f6\u00adr\u00fcl\u00ad\u00fd\u00e4r. Hal\u00adka\u00adra ki\u00adno\u00adfes\u00adti\u00adwa\u00adly\u0148 a\u00e7y\u00adly\u015f we \u00fda\u00adpy\u00adly\u015f, ba\u00fd\u00adrak\u00adla\u00adry\u0148 gow\u00ad\u015fu\u00adry\u00adly\u015f da\u00adba\u00adra\u00adla\u00adry\u00adny T\u00fcrk\u00adme\u00adnis\u00adta\u00adny\u0148 D\u00f6w\u00adlet me\u00adde\u00adni\u00ad\u00fdet mer\u00adke\u00adzi\u00adni\u0148 Mu\u00adkam\u00adlar k\u00f6\u015f\u00adg\u00fcn\u00adde ge\u00ad\u00e7ir\u00admek g\u00f6z \u00f6\u0148\u00fcn\u00adde tu\u00adtul\u00ad\u00fdar. \u00abA\u015f\u00adga\u00adbat\u00bb myh\u00adman\u00adha\u00adna\u00adsyn\u00adda T\u00dcRK\u00adSO\u00dd-a ag\u00adza \u00fdurt\u00adla\u00adry\u0148 ki\u00adne\u00adma\u00adtog\u00adraf\u00adla\u00adry\u00adny\u0148 du\u00ad\u015fu\u00ad\u015fy\u00adgy\u00adny ge\u00ad\u00e7ir\u00admek, \u00abA\u015f\u00adga\u00adbat\u00bb ki\u00adno\u00adte\u00adat\u00adryn\u00adda, \u00abT\u00fcrk\u00adme\u00adnis\u00adtan\u00bb we \u00abWa\u00adtan\u00bb ki\u00adno\u00adkon\u00adsert mer\u00adkez\u00adle\u00adrin\u00adde fes\u00adti\u00adwa\u00adla gat\u00adna\u015f\u00ad\u00fdan \u00fdurt\u00adla\u00adry\u0148 ki\u00adno\u00adfilm\u00adle\u00adri\u00adni\u0148 g\u00f6r\u00adke\u00adzil\u00adme\u00adgi, T\u00fcrk\u00admen d\u00f6w\u00adlet me\u00adde\u00adni\u00ad\u00fdet [&hellip;]<\/p>\n","protected":false},"author":2,"featured_media":110611,"comment_status":"open","ping_status":"closed","sticky":false,"template":"","format":"standard","meta":{"footnotes":""},"categories":[3],"tags":[],"acf":[],"_links":{"self":[{"href":"https:\/\/zamanturkmenistan.com.tm\/index.php?rest_route=\/wp\/v2\/posts\/119650"}],"collection":[{"href":"https:\/\/zamanturkmenistan.com.tm\/index.php?rest_route=\/wp\/v2\/posts"}],"about":[{"href":"https:\/\/zamanturkmenistan.com.tm\/index.php?rest_route=\/wp\/v2\/types\/post"}],"author":[{"embeddable":true,"href":"https:\/\/zamanturkmenistan.com.tm\/index.php?rest_route=\/wp\/v2\/users\/2"}],"replies":[{"embeddable":true,"href":"https:\/\/zamanturkmenistan.com.tm\/index.php?rest_route=%2Fwp%2Fv2%2Fcomments&post=119650"}],"version-history":[{"count":1,"href":"https:\/\/zamanturkmenistan.com.tm\/index.php?rest_route=\/wp\/v2\/posts\/119650\/revisions"}],"predecessor-version":[{"id":119651,"href":"https:\/\/zamanturkmenistan.com.tm\/index.php?rest_route=\/wp\/v2\/posts\/119650\/revisions\/119651"}],"wp:featuredmedia":[{"embeddable":true,"href":"https:\/\/zamanturkmenistan.com.tm\/index.php?rest_route=\/wp\/v2\/media\/110611"}],"wp:attachment":[{"href":"https:\/\/zamanturkmenistan.com.tm\/index.php?rest_route=%2Fwp%2Fv2%2Fmedia&parent=119650"}],"wp:term":[{"taxonomy":"category","embeddable":true,"href":"https:\/\/zamanturkmenistan.com.tm\/index.php?rest_route=%2Fwp%2Fv2%2Fcategories&post=119650"},{"taxonomy":"post_tag","embeddable":true,"href":"https:\/\/zamanturkmenistan.com.tm\/index.php?rest_route=%2Fwp%2Fv2%2Ftags&post=119650"}],"curies":[{"name":"wp","href":"https:\/\/api.w.org\/{rel}","templated":true}]}}